{"id":10169,"date":"2024-10-03T17:44:37","date_gmt":"2024-10-03T15:44:37","guid":{"rendered":"https:\/\/spkluczewsko.pl\/?p=10169"},"modified":"2024-10-03T18:46:34","modified_gmt":"2024-10-03T16:46:34","slug":"wycieczka-do-zagrody-tulu-tulu","status":"publish","type":"post","link":"https:\/\/spkluczewsko.pl\/?p=10169","title":{"rendered":"Wycieczka do zagrody Tulu Tulu"},"content":{"rendered":"<p style=\"text-align: justify;\">W dniu 2 pa\u017adziernika&nbsp; grupa <strong>\u201eJe\u017cyki\u201d<\/strong> uda\u0142a si\u0119 na przedszkoln\u0105 wycieczk\u0119. Tego dnia odwiedzili\u015bmy zagrod\u0119 edukacyjn\u0105 Alpaki Tulu Tulu w Koniecznie. Dzieci obserwowa\u0142y zwierz\u0119ta \u017cyj\u0105ce w zagrodzie. Najwi\u0119cej czasu sp\u0119dzi\u0142y przy alpakach, kt\u00f3re przyja\u017anie wystawia\u0142y szyje do g\u0142askania. Dzieci dowiedzia\u0142y si\u0119 wiele ciekawostek, z przyjemno\u015bci\u0105 mog\u0142y nakarmi\u0107 i pog\u0142aska\u0107 zwierz\u0119ta . Gospodarz zagrody ciekawie opowiada\u0142 o \u017cyciu zwierz\u0105t w naturalnych warunkach oraz co jedz\u0105, jakie maj\u0105 zwyczaje. Przedszkolaki z zaciekawieniem podziwia\u0142y i s\u0142ucha\u0142y wiadomo\u015bci. Na koniec wycieczki przyszed\u0142 czas na wsp\u00f3ln\u0105 zabaw\u0119 na placu zabaw oraz pocz\u0119stunek. By\u0142a to bardzo udana wycieczka.<\/p>\n<p style=\"text-align: right;\"><em>&nbsp;Alina Czarny Marsza\u0142ek, <\/em><em>Marzena Sobczyk<\/em><\/p>\n<p>Zdj\u0119cia <a href=\"https:\/\/www.facebook.com\/ZPSKluczewsko\/posts\/pfbid02ozfVqRShuxP734eNxFXKBwKW3KdTAdQ22FB38dqho19MMkxpT3HJr8s3doacmUfNl\">TUTAJ:<\/a><\/p>\n","protected":false},"excerpt":{"rendered":"<p>W dniu 2 pa\u017adziernika&nbsp; grupa \u201eJe\u017cyki\u201d uda\u0142a si\u0119 na przedszkoln\u0105 wycieczk\u0119. Tego dnia odwiedzili\u015bmy zagrod\u0119 edukacyjn\u0105 Alpaki Tulu Tulu w Koniecznie. Dzieci obserwowa\u0142y zwierz\u0119ta \u017cyj\u0105ce w zagrodzie. Najwi\u0119cej czasu sp\u0119dzi\u0142y przy alpakach, kt\u00f3re przyja\u017anie wystawia\u0142y szyje do g\u0142askania. Dzieci dowiedzia\u0142y si\u0119 wiele ciekawostek, z przyjemno\u015bci\u0105 mog\u0142y nakarmi\u0107 i pog\u0142aska\u0107 zwierz\u0119ta [&hellip;]<\/p>\n","protected":false},"author":2,"featured_media":10170,"comment_status":"open","ping_status":"open","sticky":false,"template":"","format":"standard","meta":{"ngg_post_thumbnail":0,"footnotes":""},"categories":[1],"tags":[],"class_list":["post-10169","post","type-post","status-publish","format-standard","has-post-thumbnail","hentry","category-bez-kategorii"],"_links":{"self":[{"href":"https:\/\/spkluczewsko.pl\/index.php?rest_route=\/wp\/v2\/posts\/10169","targetHints":{"allow":["GET"]}}],"collection":[{"href":"https:\/\/spkluczewsko.pl\/index.php?rest_route=\/wp\/v2\/posts"}],"about":[{"href":"https:\/\/spkluczewsko.pl\/index.php?rest_route=\/wp\/v2\/types\/post"}],"author":[{"embeddable":true,"href":"https:\/\/spkluczewsko.pl\/index.php?rest_route=\/wp\/v2\/users\/2"}],"replies":[{"embeddable":true,"href":"https:\/\/spkluczewsko.pl\/index.php?rest_route=%2Fwp%2Fv2%2Fcomments&post=10169"}],"version-history":[{"count":1,"href":"https:\/\/spkluczewsko.pl\/index.php?rest_route=\/wp\/v2\/posts\/10169\/revisions"}],"predecessor-version":[{"id":10171,"href":"https:\/\/spkluczewsko.pl\/index.php?rest_route=\/wp\/v2\/posts\/10169\/revisions\/10171"}],"wp:featuredmedia":[{"embeddable":true,"href":"https:\/\/spkluczewsko.pl\/index.php?rest_route=\/wp\/v2\/media\/10170"}],"wp:attachment":[{"href":"https:\/\/spkluczewsko.pl\/index.php?rest_route=%2Fwp%2Fv2%2Fmedia&parent=10169"}],"wp:term":[{"taxonomy":"category","embeddable":true,"href":"https:\/\/spkluczewsko.pl\/index.php?rest_route=%2Fwp%2Fv2%2Fcategories&post=10169"},{"taxonomy":"post_tag","embeddable":true,"href":"https:\/\/spkluczewsko.pl\/index.php?rest_route=%2Fwp%2Fv2%2Ftags&post=10169"}],"curies":[{"name":"wp","href":"https:\/\/api.w.org\/{rel}","templated":true}]}}