{"id":11665,"date":"2026-03-11T09:29:30","date_gmt":"2026-03-11T08:29:30","guid":{"rendered":"https:\/\/spkluczewsko.pl\/?p=11665"},"modified":"2026-03-11T09:29:30","modified_gmt":"2026-03-11T08:29:30","slug":"wyjazd-na-basen-integracja-i-promocja-zdrowego-stylu-zycia","status":"publish","type":"post","link":"https:\/\/spkluczewsko.pl\/?p=11665","title":{"rendered":"Wyjazd na basen \u2013 integracja i promocja zdrowego stylu \u017cycia"},"content":{"rendered":"<p style=\"text-align: justify;\">10 marca 2026 roku uczniowie klas V, VI, VII oraz VIII ,,a\u201d i ,,b\u201d naszej szko\u0142y uczestniczyli w wyje\u017adzie na basen&nbsp;<strong>Nemo we W\u0142oszczowie<\/strong>. Wycieczka by\u0142a doskona\u0142\u0105 okazj\u0105 do wsp\u00f3lnego sp\u0119dzenia czasu, integracji uczni\u00f3w oraz aktywnego wypoczynku.<\/p>\n<p style=\"text-align: justify;\">Podczas pobytu na basenie uczniowie mogli korzysta\u0107 z r\u00f3\u017cnych atrakcji wodnych, doskonali\u0107 swoje umiej\u0119tno\u015bci p\u0142ywackie, a przede wszystkim dobrze si\u0119 bawi\u0107 w gronie kole\u017canek i koleg\u00f3w. Wsp\u00f3lne zabawy w wodzie dostarczy\u0142y wszystkim wielu rado\u015bci, u\u015bmiechu i pozytywnych emocji.<\/p>\n<p style=\"text-align: justify;\">Celem wyjazdu by\u0142a&nbsp;<strong>integracja oraz edukacja uczni\u00f3w naszej szko\u0142y poprzez promowanie zdrowego stylu \u017cycia, wolnego od na\u0142og\u00f3w i niepo\u017c\u0105danych zachowa\u0144<\/strong>. Aktywno\u015b\u0107 fizyczna, taka jak p\u0142ywanie, jest doskona\u0142\u0105 form\u0105 dbania o zdrowie, kondycj\u0119 oraz dobre samopoczucie.<\/p>\n<p style=\"text-align: justify;\">Wyjazd przebieg\u0142 w mi\u0142ej i bezpiecznej atmosferze. Uczniowie wr\u00f3cili zadowoleni, pe\u0142ni energii i z wieloma pozytywnymi wspomnieniami. Mamy nadziej\u0119, \u017ce w przysz\u0142o\u015bci b\u0119dziemy mogli organizowa\u0107 wi\u0119cej takich wyjazd\u00f3w, kt\u00f3re \u0142\u0105cz\u0105 przyjemno\u015b\u0107 z dbaniem o zdrowie i rozw\u00f3j naszych uczni\u00f3w.<\/p>\n<p style=\"text-align: right;\">E. Glanda, B. Herczy\u0144ska, A. G\u0119bka<\/p>\n","protected":false},"excerpt":{"rendered":"<p>10 marca 2026 roku uczniowie klas V, VI, VII oraz VIII ,,a\u201d i ,,b\u201d naszej szko\u0142y uczestniczyli w wyje\u017adzie na basen&nbsp;Nemo we W\u0142oszczowie. Wycieczka by\u0142a doskona\u0142\u0105 okazj\u0105 do wsp\u00f3lnego sp\u0119dzenia czasu, integracji uczni\u00f3w oraz aktywnego wypoczynku. Podczas pobytu na basenie uczniowie mogli korzysta\u0107 z r\u00f3\u017cnych atrakcji wodnych, doskonali\u0107 swoje umiej\u0119tno\u015bci [&hellip;]<\/p>\n","protected":false},"author":2,"featured_media":11666,"comment_status":"open","ping_status":"open","sticky":false,"template":"","format":"standard","meta":{"ngg_post_thumbnail":0,"footnotes":""},"categories":[1],"tags":[],"class_list":["post-11665","post","type-post","status-publish","format-standard","has-post-thumbnail","hentry","category-bez-kategorii"],"_links":{"self":[{"href":"https:\/\/spkluczewsko.pl\/index.php?rest_route=\/wp\/v2\/posts\/11665","targetHints":{"allow":["GET"]}}],"collection":[{"href":"https:\/\/spkluczewsko.pl\/index.php?rest_route=\/wp\/v2\/posts"}],"about":[{"href":"https:\/\/spkluczewsko.pl\/index.php?rest_route=\/wp\/v2\/types\/post"}],"author":[{"embeddable":true,"href":"https:\/\/spkluczewsko.pl\/index.php?rest_route=\/wp\/v2\/users\/2"}],"replies":[{"embeddable":true,"href":"https:\/\/spkluczewsko.pl\/index.php?rest_route=%2Fwp%2Fv2%2Fcomments&post=11665"}],"version-history":[{"count":1,"href":"https:\/\/spkluczewsko.pl\/index.php?rest_route=\/wp\/v2\/posts\/11665\/revisions"}],"predecessor-version":[{"id":11667,"href":"https:\/\/spkluczewsko.pl\/index.php?rest_route=\/wp\/v2\/posts\/11665\/revisions\/11667"}],"wp:featuredmedia":[{"embeddable":true,"href":"https:\/\/spkluczewsko.pl\/index.php?rest_route=\/wp\/v2\/media\/11666"}],"wp:attachment":[{"href":"https:\/\/spkluczewsko.pl\/index.php?rest_route=%2Fwp%2Fv2%2Fmedia&parent=11665"}],"wp:term":[{"taxonomy":"category","embeddable":true,"href":"https:\/\/spkluczewsko.pl\/index.php?rest_route=%2Fwp%2Fv2%2Fcategories&post=11665"},{"taxonomy":"post_tag","embeddable":true,"href":"https:\/\/spkluczewsko.pl\/index.php?rest_route=%2Fwp%2Fv2%2Ftags&post=11665"}],"curies":[{"name":"wp","href":"https:\/\/api.w.org\/{rel}","templated":true}]}}