{"id":11830,"date":"2026-04-26T19:11:59","date_gmt":"2026-04-26T17:11:59","guid":{"rendered":"https:\/\/spkluczewsko.pl\/?p=11830"},"modified":"2026-04-26T19:11:59","modified_gmt":"2026-04-26T17:11:59","slug":"english-day-w-naszej-szkole","status":"publish","type":"post","link":"https:\/\/spkluczewsko.pl\/?p=11830","title":{"rendered":"English Day w Naszej Szkole!"},"content":{"rendered":"<p style=\"text-align: justify;\"><strong>23 kwietnia<\/strong> w naszej szkole zrobi\u0142o si\u0119 naprawd\u0119 \u015bwiatowo! Z okazji <strong>\u015awiatowego Dnia J\u0119zyka Angielskiego<\/strong> uczniowie wszystkich klas udowodnili, \u017ce angielski to nie tylko gramatyka, ale przede wszystkim \u015bwietna zabawa i fascynuj\u0105ca kultura.<\/p>\n<p style=\"text-align: justify;\"><strong>Kolorowy start<\/strong><\/p>\n<p style=\"text-align: justify;\">Najm\u0142odsi z <strong>przedszkola oraz klas 0-3<\/strong> z wielkim zapa\u0142em poznawali symbole narodowe. Dzi\u0119ki ich pracy nasze sale wype\u0142ni\u0142y si\u0119 flagami Wielkiej Brytanii i Stan\u00f3w Zjednoczonych. To by\u0142a doskona\u0142a okazja do nauki przez dzia\u0142anie!<\/p>\n<p style=\"text-align: justify;\"><strong>Zapraszamy na wystaw\u0119!<\/strong><\/p>\n<p style=\"text-align: justify;\">Uczniowie klas<strong> IV\u2013VIII<\/strong> przygotowali seri\u0119 niesamowitych projekt\u00f3w tematycznych, kt\u00f3re przybli\u017caj\u0105 kultur\u0119 i \u017cycie codzienne w krajach angloj\u0119zycznych.<\/p>\n<p style=\"text-align: justify;\">W ramach wystawy zaprezentowano nast\u0119puj\u0105ce bloki tematyczne:<\/p>\n<ul style=\"text-align: justify;\">\n<li><strong>My Family<\/strong> \u2013 osobiste portrety rodzinne, ukazuj\u0105ce relacje i wsp\u00f3lne tradycje.<\/li>\n<li><strong>My Hobby<\/strong> \u2013 fascynuj\u0105ce opowie\u015bci o pasjach, kt\u00f3re wype\u0142niaj\u0105 wolny czas naszych uczni\u00f3w.<\/li>\n<li><strong>My Pet<\/strong> \u2013 radosne prezentacje po\u015bwi\u0119cone czworono\u017cnym (i nie tylko!) przyjacio\u0142om.<\/li>\n<li><strong>A Famous Sportsman<\/strong> \u2013 sylwetki legend sportu, kt\u00f3re inspiruj\u0105 do walki o marzenia.<\/li>\n<li><strong>I Have a Problem<\/strong> \u2013 kreatywne projekty mierz\u0105ce si\u0119 z codziennymi wyzwaniami i sposobami ich rozwi\u0105zywania.<\/li>\n<li><strong>Famous People<\/strong> \u2013 od gwiazd popkultury po wielkich naukowc\u00f3w.<\/li>\n<li><strong>Important Events &amp; Festivals<\/strong> \u2013 poznali\u015bmy kulisy najwa\u017cniejszych \u015bwi\u0105t i tradycji.<\/li>\n<\/ul>\n<p style=\"text-align: justify;\">Wszystkie te kreatywne prace, kt\u00f3re s\u0105 dowodem ogromnej pomys\u0142owo\u015bci i zaanga\u017cowania naszych uczni\u00f3w, mo\u017cna by\u0142o podziwia\u0107 w holu na parterze podczas przerw mi\u0119dzy lekcjami.<\/p>\n<p style=\"text-align: justify;\"><strong>J\u0119zykowy wy\u015bcig z czasem<\/strong><\/p>\n<p style=\"text-align: justify;\">Dla najstarszych (klasy VII-VIII) przygotowali\u015bmy nie lada wyzwanie \u2013 konkurs na czas! Zadaniem by\u0142o wpisanie s\u0142\u00f3wek na ka\u017cd\u0105 liter\u0119 alfabetu. Emocje si\u0119ga\u0142y zenitu, a najszybsi wykazali si\u0119 imponuj\u0105cym s\u0142ownictwem.<\/p>\n<p style=\"text-align: justify;\">Wysi\u0142ek i wiedza zosta\u0142y docenione \u2013 ka\u017cdy uczestnik konkursu otrzyma\u0142 <strong>s\u0142odk\u0105 nagrod\u0119<\/strong>, kt\u00f3ra by\u0142a mi\u0142ym zwie\u0144czeniem tego intensywnego dnia.<\/p>\n<p style=\"text-align: justify;\"><strong>Good job, everyone! <\/strong>Cieszymy si\u0119, \u017ce tak ch\u0119tnie rozwijacie swoje j\u0119zykowe supermoce!<\/p>\n<p>Zdj\u0119cia <a href=\"https:\/\/www.facebook.com\/ZPSKluczewsko\/posts\/pfbid02i9znpAMGDGLnntuB7tACLv5TgX8DZ7Nmd3jitvDdcvopiJ4StQtP1aifuND2kimhl\">TUTAJ:<\/a><\/p>\n","protected":false},"excerpt":{"rendered":"<p>23 kwietnia w naszej szkole zrobi\u0142o si\u0119 naprawd\u0119 \u015bwiatowo! Z okazji \u015awiatowego Dnia J\u0119zyka Angielskiego uczniowie wszystkich klas udowodnili, \u017ce angielski to nie tylko gramatyka, ale przede wszystkim \u015bwietna zabawa i fascynuj\u0105ca kultura. Kolorowy start Najm\u0142odsi z przedszkola oraz klas 0-3 z wielkim zapa\u0142em poznawali symbole narodowe. Dzi\u0119ki ich pracy [&hellip;]<\/p>\n","protected":false},"author":2,"featured_media":11831,"comment_status":"open","ping_status":"open","sticky":false,"template":"","format":"standard","meta":{"ngg_post_thumbnail":0,"footnotes":""},"categories":[1],"tags":[],"class_list":["post-11830","post","type-post","status-publish","format-standard","has-post-thumbnail","hentry","category-bez-kategorii"],"_links":{"self":[{"href":"https:\/\/spkluczewsko.pl\/index.php?rest_route=\/wp\/v2\/posts\/11830","targetHints":{"allow":["GET"]}}],"collection":[{"href":"https:\/\/spkluczewsko.pl\/index.php?rest_route=\/wp\/v2\/posts"}],"about":[{"href":"https:\/\/spkluczewsko.pl\/index.php?rest_route=\/wp\/v2\/types\/post"}],"author":[{"embeddable":true,"href":"https:\/\/spkluczewsko.pl\/index.php?rest_route=\/wp\/v2\/users\/2"}],"replies":[{"embeddable":true,"href":"https:\/\/spkluczewsko.pl\/index.php?rest_route=%2Fwp%2Fv2%2Fcomments&post=11830"}],"version-history":[{"count":1,"href":"https:\/\/spkluczewsko.pl\/index.php?rest_route=\/wp\/v2\/posts\/11830\/revisions"}],"predecessor-version":[{"id":11832,"href":"https:\/\/spkluczewsko.pl\/index.php?rest_route=\/wp\/v2\/posts\/11830\/revisions\/11832"}],"wp:featuredmedia":[{"embeddable":true,"href":"https:\/\/spkluczewsko.pl\/index.php?rest_route=\/wp\/v2\/media\/11831"}],"wp:attachment":[{"href":"https:\/\/spkluczewsko.pl\/index.php?rest_route=%2Fwp%2Fv2%2Fmedia&parent=11830"}],"wp:term":[{"taxonomy":"category","embeddable":true,"href":"https:\/\/spkluczewsko.pl\/index.php?rest_route=%2Fwp%2Fv2%2Fcategories&post=11830"},{"taxonomy":"post_tag","embeddable":true,"href":"https:\/\/spkluczewsko.pl\/index.php?rest_route=%2Fwp%2Fv2%2Ftags&post=11830"}],"curies":[{"name":"wp","href":"https:\/\/api.w.org\/{rel}","templated":true}]}}