{"id":11834,"date":"2026-04-28T21:28:29","date_gmt":"2026-04-28T19:28:29","guid":{"rendered":"https:\/\/spkluczewsko.pl\/?p=11834"},"modified":"2026-04-28T21:28:29","modified_gmt":"2026-04-28T19:28:29","slug":"sukcesy-uczniow-zps-w-kluczewsku-w-konkursach-nigdy-wiecej-wojny","status":"publish","type":"post","link":"https:\/\/spkluczewsko.pl\/?p=11834","title":{"rendered":"Sukcesy uczni\u00f3w ZPS w Kluczewsku w konkursach \u201eNigdy wi\u0119cej wojny\u201d"},"content":{"rendered":"<p style=\"text-align: justify;\">23 kwietnia 2026 roku w Zespole Przedszkolno-Szkolnym w Dobromierzu odby\u0142 si\u0119 XIV Konkurs Recytatorski pod has\u0142em <em>\u201eKwiecie\u0144 Miesi\u0105cem Pami\u0119ci Narodowej \u2013 Nigdy wi\u0119cej wojny\u201d<\/em>. Wydarzenie nawi\u0105zywa\u0142o do szczeg\u00f3lnego znaczenia kwietnia, kt\u00f3ry zosta\u0142 ustanowiony Miesi\u0105cem Pami\u0119ci Narodowej wkr\u00f3tce po zako\u0144czeniu II wojny \u015bwiatowej.<\/p>\n<p style=\"text-align: justify;\">W konkursie wzi\u0119\u0142o udzia\u0142 28 uczni\u00f3w z 11 szk\u00f3\u0142 z powiat\u00f3w w\u0142oszczowskiego, opoczy\u0144skiego i radomszcza\u0144skiego, reprezentuj\u0105cych dwa wojew\u00f3dztwa. Uczestnicy rywalizowali w czterech kategoriach wiekowych \u2013 od klas I szko\u0142y podstawowej a\u017c po szko\u0142y \u015brednie. Jury ocenia\u0142o m.in. znajomo\u015b\u0107 tekstu, dob\u00f3r repertuaru zgodny z tematyk\u0105, poprawno\u015b\u0107 i p\u0142ynno\u015b\u0107 recytacji oraz og\u00f3lne wra\u017cenie artystyczne.<\/p>\n<p style=\"text-align: justify;\"><strong>Z dum\u0105 informujemy, \u017ce uczniowie Zespo\u0142u Przedszkolno-Szkolnego im. \u015aw. Jana Paw\u0142a II w Kluczewsku osi\u0105gn\u0119li wysokie wyniki:<\/strong><\/p>\n<ul style=\"text-align: justify;\">\n<li>I miejsce (kategoria II, klasy IV\u2013VI) \u2013 Amelia Kowalczyk<\/li>\n<li>II miejsce (kategoria III, klasy VII\u2013VIII)<strong> \u2013 Liliana Owsikowska<\/strong><\/li>\n<li>Wyr\u00f3\u017cnienie (kategoria I, klasy I\u2013III)<strong> \u2013 Alan Borkowski<\/strong><\/li>\n<\/ul>\n<p style=\"text-align: justify;\">Tego samego dnia rozstrzygni\u0119to r\u00f3wnie\u017c konkurs plastyczny <em>\u201eNigdy wi\u0119cej wojny\u201d<\/em>, kt\u00f3ry cieszy\u0142 si\u0119 ogromnym zainteresowaniem \u2013 wp\u0142yn\u0119\u0142o ponad 60 prac.<\/p>\n<p style=\"text-align: justify;\"><strong>W kategorii klas I\u2013III I miejsce zdoby\u0142 Szymon Jachimowski z ZPS w Kluczewsku<\/strong>, co stanowi kolejny pow\u00f3d do dumy dla naszej szko\u0142y.<\/p>\n<p style=\"text-align: justify;\">Serdecznie gratulujemy wszystkim nagrodzonym uczniom oraz dzi\u0119kujemy nauczycielom za ich zaanga\u017cowanie i wsparcie w rozwijaniu talent\u00f3w m\u0142odzie\u017cy. \u017byczymy dalszych sukces\u00f3w!<\/p>\n<p style=\"text-align: right;\">Agnieszka Herczy\u0144ska<\/p>\n<p>Zdj\u0119cia (\u0179r\u00f3d\u0142o &#8211; ZPS Dobromierz) <a href=\"https:\/\/www.facebook.com\/ZPSKluczewsko\/posts\/pfbid0QYtFvuks52BeAPSwpRMccx8kBXPBu2KiohXtDvwGHnJcE28RZ3VoPg91o2YMKNmDl\">TUTAJ:<\/a><\/p>\n","protected":false},"excerpt":{"rendered":"<p>23 kwietnia 2026 roku w Zespole Przedszkolno-Szkolnym w Dobromierzu odby\u0142 si\u0119 XIV Konkurs Recytatorski pod has\u0142em \u201eKwiecie\u0144 Miesi\u0105cem Pami\u0119ci Narodowej \u2013 Nigdy wi\u0119cej wojny\u201d. Wydarzenie nawi\u0105zywa\u0142o do szczeg\u00f3lnego znaczenia kwietnia, kt\u00f3ry zosta\u0142 ustanowiony Miesi\u0105cem Pami\u0119ci Narodowej wkr\u00f3tce po zako\u0144czeniu II wojny \u015bwiatowej. W konkursie wzi\u0119\u0142o udzia\u0142 28 uczni\u00f3w z 11 [&hellip;]<\/p>\n","protected":false},"author":2,"featured_media":11835,"comment_status":"open","ping_status":"open","sticky":false,"template":"","format":"standard","meta":{"ngg_post_thumbnail":0,"footnotes":""},"categories":[1],"tags":[],"class_list":["post-11834","post","type-post","status-publish","format-standard","has-post-thumbnail","hentry","category-bez-kategorii"],"_links":{"self":[{"href":"https:\/\/spkluczewsko.pl\/index.php?rest_route=\/wp\/v2\/posts\/11834","targetHints":{"allow":["GET"]}}],"collection":[{"href":"https:\/\/spkluczewsko.pl\/index.php?rest_route=\/wp\/v2\/posts"}],"about":[{"href":"https:\/\/spkluczewsko.pl\/index.php?rest_route=\/wp\/v2\/types\/post"}],"author":[{"embeddable":true,"href":"https:\/\/spkluczewsko.pl\/index.php?rest_route=\/wp\/v2\/users\/2"}],"replies":[{"embeddable":true,"href":"https:\/\/spkluczewsko.pl\/index.php?rest_route=%2Fwp%2Fv2%2Fcomments&post=11834"}],"version-history":[{"count":1,"href":"https:\/\/spkluczewsko.pl\/index.php?rest_route=\/wp\/v2\/posts\/11834\/revisions"}],"predecessor-version":[{"id":11836,"href":"https:\/\/spkluczewsko.pl\/index.php?rest_route=\/wp\/v2\/posts\/11834\/revisions\/11836"}],"wp:featuredmedia":[{"embeddable":true,"href":"https:\/\/spkluczewsko.pl\/index.php?rest_route=\/wp\/v2\/media\/11835"}],"wp:attachment":[{"href":"https:\/\/spkluczewsko.pl\/index.php?rest_route=%2Fwp%2Fv2%2Fmedia&parent=11834"}],"wp:term":[{"taxonomy":"category","embeddable":true,"href":"https:\/\/spkluczewsko.pl\/index.php?rest_route=%2Fwp%2Fv2%2Fcategories&post=11834"},{"taxonomy":"post_tag","embeddable":true,"href":"https:\/\/spkluczewsko.pl\/index.php?rest_route=%2Fwp%2Fv2%2Ftags&post=11834"}],"curies":[{"name":"wp","href":"https:\/\/api.w.org\/{rel}","templated":true}]}}