{"id":11840,"date":"2026-04-29T21:47:16","date_gmt":"2026-04-29T19:47:16","guid":{"rendered":"https:\/\/spkluczewsko.pl\/?p=11840"},"modified":"2026-04-29T21:47:16","modified_gmt":"2026-04-29T19:47:16","slug":"wielki-sukces-naszej-szkoly-i-powiatu","status":"publish","type":"post","link":"https:\/\/spkluczewsko.pl\/?p=11840","title":{"rendered":"Wielki sukces naszej szko\u0142y i powiatu"},"content":{"rendered":"<p dir=\"ltr\" style=\"text-align: justify;\"><span class=\"font\"><span class=\"size\">Gala laureat\u00f3w wojew\u00f3dzkich konkurs\u00f3w przedmiotowych to wyj\u0105tkowe \u015bwi\u0119to wiedzy, pasji i ci\u0119\u017ckiej pracy. 28 kwietnia 2026 roku kielecka Sala Konferencyjna Omega w Targi Kielce wype\u0142ni\u0142a si\u0119 najzdolniejszymi uczniami regionu \u015bwi\u0119tokrzyskiego, ich dumnymi rodzicami oraz nauczycielami.<\/span><\/span><\/p>\n<p dir=\"ltr\" style=\"text-align: justify;\"><span class=\"font\"><span class=\"size\">Tegoroczna edycja konkurs\u00f3w organizowanych przez Kuratorium O\u015bwiaty pokaza\u0142a ogromn\u0105 skal\u0119 talentu w naszym wojew\u00f3dztwie:<\/span><\/span><\/p>\n<ul style=\"text-align: justify;\">\n<li dir=\"ltr\" aria-level=\"1\">\n<p dir=\"ltr\" role=\"presentation\"><span class=\"font\"><span class=\"size\">Do rywalizacji przyst\u0105pi\u0142o a\u017c 13 963 uczni\u00f3w.<\/span><\/span><\/p>\n<\/li>\n<li dir=\"ltr\" aria-level=\"1\">\n<p dir=\"ltr\" role=\"presentation\"><span class=\"font\"><span class=\"size\">W szranki stan\u0119li reprezentanci 439 szk\u00f3\u0142.<\/span><\/span><\/p>\n<\/li>\n<li dir=\"ltr\" aria-level=\"1\">\n<p dir=\"ltr\" role=\"presentation\"><span class=\"font\"><span class=\"size\">Do fina\u0142owego etapu wojew\u00f3dzkiego zakwalifikowa\u0142o si\u0119 534 uczestnik\u00f3w.<\/span><\/span><\/p>\n<\/li>\n<li dir=\"ltr\" aria-level=\"1\">\n<p dir=\"ltr\" role=\"presentation\"><span class=\"font\"><span class=\"size\">Ostatecznie przyznano 157 tytu\u0142\u00f3w laureata oraz 355 tytu\u0142\u00f3w finalisty.<\/span><\/span><\/p>\n<\/li>\n<\/ul>\n<p dir=\"ltr\" style=\"text-align: justify;\"><span class=\"font\"><span class=\"size\">Medale i pami\u0105tkowe dyplomy wr\u0119czy\u0142 laureatom \u015awi\u0119tokrzyski Kurator O\u015bwiaty Piotr \u0141ojek. Gratuluj\u0105c m\u0142odym ludziom,&nbsp; zwr\u00f3ci\u0142 uwag\u0119 na to, \u017ce sukcesy te s\u0105 zwie\u0144czeniem d\u0142ugiej, wielomiesi\u0119cznej nauki, cz\u0119sto wykraczaj\u0105cej poza obowi\u0105zki szkolne.<\/span><\/span><a href=\"https:\/\/tiny.pl\/8knqscb6t\" target=\"_blank\" rel=\"noopener\">https:\/\/tiny.pl\/8knqscb6t<\/a><\/p>\n<p dir=\"ltr\" style=\"text-align: justify;\"><span class=\"font\"><span class=\"size\">Z ogromn\u0105 dum\u0105 informujemy, \u017ce w tym elitarnym gronie znale\u017ali si\u0119 uczniowie naszej szko\u0142y, kt\u00f3rzy swoimi wynikami potwierdzili najwy\u017cszy poziom przygotowania:<\/span><\/span><\/p>\n<p dir=\"ltr\" style=\"text-align: justify;\"><b><span class=\"font\"><span class=\"size\">Tymoteusz Kowalczyk<\/span><\/span><\/b><span class=\"font\"><span class=\"size\"> \u2013 odni\u00f3s\u0142 spektakularny sukces jako podw\u00f3jny laureat. Tymoteusz si\u0119gn\u0105\u0142 po najwy\u017csze laury z informatyki oraz j\u0119zyka polskiego. Jest to wyczyn o tyle wyj\u0105tkowy, \u017ce jako jedyny ucze\u0144 z ca\u0142ego powiatu w\u0142oszczowskiego zdoby\u0142 w tym roku dwa tytu\u0142y laureata. Znalaz\u0142 si\u0119 r\u00f3wnie\u017c w \u015bcis\u0142ej czo\u0142\u00f3wce 12 najlepszych wielokrotnych laureat\u00f3w w wojew\u00f3dztwie, broni\u0105c po raz kolejny tytu\u0142u z informatyki.<\/span><\/span><\/p>\n<p dir=\"ltr\" style=\"text-align: justify;\"><b><span class=\"font\"><span class=\"size\">&nbsp;Ernest Barabasz<\/span><\/span><\/b><span class=\"font\"><span class=\"size\"> \u2013 uzyska\u0142 presti\u017cowy tytu\u0142 finalisty z informatyki, plasuj\u0105c si\u0119 w\u015br\u00f3d najlepszych m\u0142odych programist\u00f3w w regionie.<\/span><\/span><\/p>\n<p dir=\"ltr\" style=\"text-align: justify;\"><span class=\"font\"><span class=\"size\">Gratulujemy Tymoteuszowi i Ernestowi, ich rodzicom i nauczycielom. Wasza ci\u0119\u017cka praca sta\u0142a si\u0119 wizyt\u00f3wk\u0105 nie tylko naszej szko\u0142y, ale i ca\u0142ego powiatu!<\/span><\/span><\/p>\n<div style=\"text-align: right;\">Ma\u0142gorzata Lipniak<\/div>\n<div>Zdj\u0119cia <a href=\"https:\/\/www.facebook.com\/ZPSKluczewsko\/posts\/pfbid02LT2PakKmKtWtWWEQcAUDLucT1LegmmKyBYzW7f9mgfevXwetEmWepZmWE9hsYwURl\">TUTAJ:<\/a><\/div>\n","protected":false},"excerpt":{"rendered":"<p>Gala laureat\u00f3w wojew\u00f3dzkich konkurs\u00f3w przedmiotowych to wyj\u0105tkowe \u015bwi\u0119to wiedzy, pasji i ci\u0119\u017ckiej pracy. 28 kwietnia 2026 roku kielecka Sala Konferencyjna Omega w Targi Kielce wype\u0142ni\u0142a si\u0119 najzdolniejszymi uczniami regionu \u015bwi\u0119tokrzyskiego, ich dumnymi rodzicami oraz nauczycielami. Tegoroczna edycja konkurs\u00f3w organizowanych przez Kuratorium O\u015bwiaty pokaza\u0142a ogromn\u0105 skal\u0119 talentu w naszym wojew\u00f3dztwie: Do [&hellip;]<\/p>\n","protected":false},"author":2,"featured_media":11841,"comment_status":"open","ping_status":"open","sticky":false,"template":"","format":"standard","meta":{"ngg_post_thumbnail":0,"footnotes":""},"categories":[1],"tags":[],"class_list":["post-11840","post","type-post","status-publish","format-standard","has-post-thumbnail","hentry","category-bez-kategorii"],"_links":{"self":[{"href":"https:\/\/spkluczewsko.pl\/index.php?rest_route=\/wp\/v2\/posts\/11840","targetHints":{"allow":["GET"]}}],"collection":[{"href":"https:\/\/spkluczewsko.pl\/index.php?rest_route=\/wp\/v2\/posts"}],"about":[{"href":"https:\/\/spkluczewsko.pl\/index.php?rest_route=\/wp\/v2\/types\/post"}],"author":[{"embeddable":true,"href":"https:\/\/spkluczewsko.pl\/index.php?rest_route=\/wp\/v2\/users\/2"}],"replies":[{"embeddable":true,"href":"https:\/\/spkluczewsko.pl\/index.php?rest_route=%2Fwp%2Fv2%2Fcomments&post=11840"}],"version-history":[{"count":1,"href":"https:\/\/spkluczewsko.pl\/index.php?rest_route=\/wp\/v2\/posts\/11840\/revisions"}],"predecessor-version":[{"id":11842,"href":"https:\/\/spkluczewsko.pl\/index.php?rest_route=\/wp\/v2\/posts\/11840\/revisions\/11842"}],"wp:featuredmedia":[{"embeddable":true,"href":"https:\/\/spkluczewsko.pl\/index.php?rest_route=\/wp\/v2\/media\/11841"}],"wp:attachment":[{"href":"https:\/\/spkluczewsko.pl\/index.php?rest_route=%2Fwp%2Fv2%2Fmedia&parent=11840"}],"wp:term":[{"taxonomy":"category","embeddable":true,"href":"https:\/\/spkluczewsko.pl\/index.php?rest_route=%2Fwp%2Fv2%2Fcategories&post=11840"},{"taxonomy":"post_tag","embeddable":true,"href":"https:\/\/spkluczewsko.pl\/index.php?rest_route=%2Fwp%2Fv2%2Ftags&post=11840"}],"curies":[{"name":"wp","href":"https:\/\/api.w.org\/{rel}","templated":true}]}}