{"id":11843,"date":"2026-04-29T21:51:29","date_gmt":"2026-04-29T19:51:29","guid":{"rendered":"https:\/\/spkluczewsko.pl\/?p=11843"},"modified":"2026-04-29T21:51:29","modified_gmt":"2026-04-29T19:51:29","slug":"witaj-majowa-jutrzenko-uroczysta-akademia-z-okazji-235-rocznicy-uchwalenia-konstytucji-3-maja","status":"publish","type":"post","link":"https:\/\/spkluczewsko.pl\/?p=11843","title":{"rendered":"\u201eWitaj Majowa Jutrzenko\u2026\u201d \u2013 uroczysta akademia z okazji 235. rocznicy uchwalenia Konstytucji 3 Maja"},"content":{"rendered":"<p style=\"text-align: justify;\" data-start=\"104\" data-end=\"307\">29 kwietnia w Zespole Przedszkolno-Szkolnym w Kluczewsku odby\u0142a si\u0119 uroczysta akademia upami\u0119tniaj\u0105ca 235. rocznic\u0119 uchwalenia Konstytucji 3 Maja \u2013 jednego z najwa\u017cniejszych wydarze\u0144 w historii Polski.<\/p>\n<p style=\"text-align: justify;\" data-start=\"309\" data-end=\"619\">\u015awi\u0119towanie rozpocz\u0119li\u015bmy od przypomnienia znaczenia \u015bwi\u0105t przypadaj\u0105cych na pocz\u0105tek maja \u2013 \u015awi\u0119ta Pracy, Dnia Flagi Rzeczypospolitej Polskiej oraz \u015awi\u0119ta Konstytucji 3 Maja. Nast\u0119pnie ca\u0142a spo\u0142eczno\u015b\u0107 szkolna wsp\u00f3lnie od\u015bpiewa\u0142a hymn narodowy, oddaj\u0105c w ten spos\u00f3b szacunek naszej Ojczy\u017anie i jej historii.<\/p>\n<p style=\"text-align: justify;\" data-start=\"621\" data-end=\"989\">W dalszej cz\u0119\u015bci uroczysto\u015bci uczniowie klas VI, VII i VIII przedstawili kr\u00f3tki monta\u017c s\u0142owno-muzyczny, kt\u00f3ry przybli\u017cy\u0142 wydarzenia prowadz\u0105ce do uchwalenia pierwszej w Europie i drugiej na \u015bwiecie konstytucji. M\u0142odzi arty\u015bci przypomnieli trudn\u0105 sytuacj\u0119 Rzeczypospolitej pod koniec XVIII wieku oraz wysi\u0142ki podejmowane przez patriot\u00f3w d\u0105\u017c\u0105cych do ratowania pa\u0144stwa.<\/p>\n<p style=\"text-align: justify;\" data-start=\"991\" data-end=\"1416\">Podczas akademii wspomniano r\u00f3wnie\u017c o konfederacji targowickiej oraz upadku pa\u0144stwa polskiego. Jednocze\u015bnie podkre\u015blono, \u017ce idea wolno\u015bci i d\u0105\u017cenie do niepodleg\u0142o\u015bci przetrwa\u0142y lata niewoli, a nar\u00f3d polski odrodzi\u0142 si\u0119 i odzyska\u0142 swoj\u0105 pa\u0144stwowo\u015b\u0107. Dzi\u015b Konstytucja 3 Maja pozostaje symbolem patriotyzmu, odpowiedzialno\u015bci za Ojczyzn\u0119 oraz wa\u017cnym elementem naszej historii narodowej.<\/p>\n<p style=\"text-align: justify;\" data-start=\"1418\" data-end=\"1849\">Szczeg\u00f3lne zainteresowanie widz\u00f3w wzbudzi\u0142a kr\u00f3tka scenka przygotowana przez ch\u0142opc\u00f3w z klasy VII. Uczniowie wcielili si\u0119 w role tw\u00f3rc\u00f3w konstytucji: kr\u00f3la Stanis\u0142awa Augusta Poniatowskiego, marsza\u0142ka sejmu Stanis\u0142awa Ma\u0142achowskiego, Ignacego Potockiego oraz Hugo Ko\u0142\u0142\u0105taja. Dzi\u0119ki ich zaanga\u017cowaniu uczestnicy akademii mogli przenie\u015b\u0107 si\u0119 w czasy obrad Sejmu Wielkiego i lepiej zrozumie\u0107 znaczenie tego historycznego wydarzenia.<\/p>\n<p style=\"text-align: justify;\" data-start=\"1851\" data-end=\"2016\">Nie zabrak\u0142o r\u00f3wnie\u017c cz\u0119\u015bci artystycznej. Dziewcz\u0119ta z klasy VII zaprezentowa\u0142y taniec z flagami, kt\u00f3ry zachwyci\u0142 publiczno\u015b\u0107 i zosta\u0142 nagrodzony gromkimi brawami.<\/p>\n<p style=\"text-align: justify;\" data-start=\"2018\" data-end=\"2163\" data-is-last-node=\"\" data-is-only-node=\"\">Uroczysta akademia by\u0142a pi\u0119kn\u0105 lekcj\u0105 historii i patriotyzmu, a tak\u017ce okazj\u0105 do refleksji nad warto\u015bci\u0105 wolno\u015bci i odpowiedzialno\u015bci za Ojczyzn\u0119.<\/p>\n<p style=\"text-align: right;\" data-start=\"2018\" data-end=\"2163\" data-is-last-node=\"\" data-is-only-node=\"\">J. Nowicka, I. Janus, A. G\u0119bka<\/p>\n<p data-start=\"2018\" data-end=\"2163\" data-is-last-node=\"\" data-is-only-node=\"\">Zdj\u0119cia <a href=\"https:\/\/www.facebook.com\/ZPSKluczewsko\/posts\/pfbid02fPtyMzU4agEiWFSSE6W531wbupfjd8RhzovsDrhzt9tS3Lxrwm1jWZ97HpR9kB12l\">TUTAJ:<\/a><\/p>\n","protected":false},"excerpt":{"rendered":"<p>29 kwietnia w Zespole Przedszkolno-Szkolnym w Kluczewsku odby\u0142a si\u0119 uroczysta akademia upami\u0119tniaj\u0105ca 235. rocznic\u0119 uchwalenia Konstytucji 3 Maja \u2013 jednego z najwa\u017cniejszych wydarze\u0144 w historii Polski. \u015awi\u0119towanie rozpocz\u0119li\u015bmy od przypomnienia znaczenia \u015bwi\u0105t przypadaj\u0105cych na pocz\u0105tek maja \u2013 \u015awi\u0119ta Pracy, Dnia Flagi Rzeczypospolitej Polskiej oraz \u015awi\u0119ta Konstytucji 3 Maja. Nast\u0119pnie ca\u0142a [&hellip;]<\/p>\n","protected":false},"author":2,"featured_media":11844,"comment_status":"open","ping_status":"open","sticky":false,"template":"","format":"standard","meta":{"ngg_post_thumbnail":0,"footnotes":""},"categories":[1],"tags":[],"class_list":["post-11843","post","type-post","status-publish","format-standard","has-post-thumbnail","hentry","category-bez-kategorii"],"_links":{"self":[{"href":"https:\/\/spkluczewsko.pl\/index.php?rest_route=\/wp\/v2\/posts\/11843","targetHints":{"allow":["GET"]}}],"collection":[{"href":"https:\/\/spkluczewsko.pl\/index.php?rest_route=\/wp\/v2\/posts"}],"about":[{"href":"https:\/\/spkluczewsko.pl\/index.php?rest_route=\/wp\/v2\/types\/post"}],"author":[{"embeddable":true,"href":"https:\/\/spkluczewsko.pl\/index.php?rest_route=\/wp\/v2\/users\/2"}],"replies":[{"embeddable":true,"href":"https:\/\/spkluczewsko.pl\/index.php?rest_route=%2Fwp%2Fv2%2Fcomments&post=11843"}],"version-history":[{"count":1,"href":"https:\/\/spkluczewsko.pl\/index.php?rest_route=\/wp\/v2\/posts\/11843\/revisions"}],"predecessor-version":[{"id":11845,"href":"https:\/\/spkluczewsko.pl\/index.php?rest_route=\/wp\/v2\/posts\/11843\/revisions\/11845"}],"wp:featuredmedia":[{"embeddable":true,"href":"https:\/\/spkluczewsko.pl\/index.php?rest_route=\/wp\/v2\/media\/11844"}],"wp:attachment":[{"href":"https:\/\/spkluczewsko.pl\/index.php?rest_route=%2Fwp%2Fv2%2Fmedia&parent=11843"}],"wp:term":[{"taxonomy":"category","embeddable":true,"href":"https:\/\/spkluczewsko.pl\/index.php?rest_route=%2Fwp%2Fv2%2Fcategories&post=11843"},{"taxonomy":"post_tag","embeddable":true,"href":"https:\/\/spkluczewsko.pl\/index.php?rest_route=%2Fwp%2Fv2%2Ftags&post=11843"}],"curies":[{"name":"wp","href":"https:\/\/api.w.org\/{rel}","templated":true}]}}