{"id":4207,"date":"2022-01-14T11:26:36","date_gmt":"2022-01-14T10:26:36","guid":{"rendered":"http:\/\/spkluczewsko.pl\/?p=4207"},"modified":"2022-01-14T11:26:36","modified_gmt":"2022-01-14T10:26:36","slug":"pilkarze-sp-kluczewsko-mistrzami-powiatu-2","status":"publish","type":"post","link":"https:\/\/spkluczewsko.pl\/?p=4207","title":{"rendered":"Pi\u0142karze SP Kluczewsko Mistrzami Powiatu!!!"},"content":{"rendered":"<p>8 pa\u017adziernika we W\u0142oszczowie odby\u0142y si\u0119&nbsp;<strong>Mistrzostwa Powiatu w Pi\u0142ce No\u017cnej Szk\u00f3\u0142 Podstawowych<\/strong>. Bezkonkurencyjna w nich okaza\u0142a si\u0119 dru\u017cyna&nbsp;<strong>Szko\u0142y Podstawowej im. \u015aw. Jana Paw\u0142a II w Kluczewsku<\/strong>, kt\u00f3ra z kompletem zwyci\u0119stw pewnie zdoby\u0142a&nbsp;<strong>Mistrzostwo Powiatu W\u0142oszczowskiego!!!<\/strong><\/p>\n<p>W zawodach zagra\u0142o 5 dru\u017cyn: SP nr 2 W\u0142oszczowa, SP Kurzel\u00f3w, SP Konieczno, SP Radk\u00f3w i SP Kluczewsko. Wyniki poszczeg\u00f3lnych spotka\u0144 przedstawiaj\u0105 si\u0119 nast\u0119puj\u0105co: Kurzel\u00f3w \u2013 W\u0142oszczowa 0:4, Konieczno \u2013 Radk\u00f3w 4:0,&nbsp;<strong>Kluczewsko \u2013 Kurzel\u00f3w 1:0<\/strong>&nbsp;<em>(Kacper Czai\u0144ski)<\/em>, W\u0142oszczowa \u2013 Konieczno 7:0,&nbsp;<strong>Kluczewsko \u2013 Radk\u00f3w 8:0<\/strong>&nbsp;<em>(Czai\u0144ski Kacper -4, Kapu\u015bciak Daniel, Nowak Jakub, Dumin Kuba, Pocz\u0105tek Igor)<\/em>, Kurzel\u00f3w \u2013 Konieczno 0:0, Radk\u00f3w \u2013 W\u0142oszczowa 0:11,&nbsp;<strong>Konieczno \u2013 Kluczewsko 1:2<\/strong>&nbsp;<em>(Szymczyk Dawid, Dumin Kuba)<\/em>, Radk\u00f3w \u2013 Kurzel\u00f3w 0:5,&nbsp;<strong>W\u0142oszczowa \u2013 Kluczewsko 1:3<\/strong>&nbsp;<em>(Czai\u0144ski Kacper -2, Dumin Kuba)<\/em>. Klasyfikacja ko\u0144cowa:&nbsp;<strong>1. SP Kluczewsko \u2013 12 pkt.,<\/strong>&nbsp;2. SP nr 2 W\u0142oszczowa \u2013 9 pkt., 3. SP Kurzel\u00f3w \u2013 4 pkt., 4. SP Konieczno \u2013 4 pkt., 5. SP Radk\u00f3w \u2013 0 pkt.<\/p>\n<p><strong>Najlepszym Zawodnikiem<\/strong>&nbsp;ca\u0142ego turnieju zosta\u0142 wybrany&nbsp;<strong>Kacper Czai\u0144ski<\/strong>&nbsp;(SP Kluczewsko).<\/p>\n<p>Wszystkie dru\u017cyny zosta\u0142y uhonorowane pami\u0105tkowymi medalami i pucharami, kt\u00f3re wr\u0119czy\u0142 Starosta W\u0142oszczowski \u2013 pan Dariusz Czechowski.<\/p>\n<p>Pi\u0142karze z Kluczewska rozegrali \u015bwietne zawody. Grali pewnie w obronie i skutecznie w ataku. Bardzo dobrze w bramce spisywa\u0142 si\u0119 Kacper Pura, kt\u00f3ry obroni\u0142 kilka gro\u017anych strza\u0142\u00f3w. Mimo, \u017ce s\u0105 to ch\u0142opcy z r\u00f3\u017cnych klas i na co dzie\u0144 nie graj\u0105 ze sob\u0105 to na tych zawodach pokazali, \u017ce s\u0105 zgranym \u201ekolektywem\u201d i zas\u0142uguj\u0105 na wielkie brawa.<\/p>\n<p><u>Mistrzowska Dru\u017cyna SP Kluczewsko wyst\u0105pi\u0142a w sk\u0142adzie:<\/u>&nbsp;<strong><em>Kacper Pura \u2013 Kacper Czai\u0144ski (kpt.), Jakub Nowak, Dawid Szymczyk, Kuba Dumin, Daniel Kapu\u015bciak, Mateusz Czai\u0144ski, Igor Pocz\u0105tek, Szymon Otto.<\/em><\/strong>&nbsp;Opiekun \u2013&nbsp;<strong><em>p. Tomasz D\u0119bowski<\/em><\/strong><\/p>\n<p>Zdj\u0119cia:<a href=\"https:\/\/www.facebook.com\/ZPSKluczewsko\/posts\/3061211340816152\">&nbsp;TUTAJ:<\/a><\/p>\n","protected":false},"excerpt":{"rendered":"<p>8 pa\u017adziernika we W\u0142oszczowie odby\u0142y si\u0119&nbsp;Mistrzostwa Powiatu w Pi\u0142ce No\u017cnej Szk\u00f3\u0142 Podstawowych. Bezkonkurencyjna w nich okaza\u0142a si\u0119 dru\u017cyna&nbsp;Szko\u0142y Podstawowej im. \u015aw. Jana Paw\u0142a II w Kluczewsku, kt\u00f3ra z kompletem zwyci\u0119stw pewnie zdoby\u0142a&nbsp;Mistrzostwo Powiatu W\u0142oszczowskiego!!! W zawodach zagra\u0142o 5 dru\u017cyn: SP nr 2 W\u0142oszczowa, SP Kurzel\u00f3w, SP Konieczno, SP Radk\u00f3w i [&hellip;]<\/p>\n","protected":false},"author":2,"featured_media":0,"comment_status":"open","ping_status":"open","sticky":false,"template":"","format":"standard","meta":{"ngg_post_thumbnail":0,"footnotes":""},"categories":[324],"tags":[],"class_list":["post-4207","post","type-post","status-publish","format-standard","hentry","category-aktualnosci"],"_links":{"self":[{"href":"https:\/\/spkluczewsko.pl\/index.php?rest_route=\/wp\/v2\/posts\/4207","targetHints":{"allow":["GET"]}}],"collection":[{"href":"https:\/\/spkluczewsko.pl\/index.php?rest_route=\/wp\/v2\/posts"}],"about":[{"href":"https:\/\/spkluczewsko.pl\/index.php?rest_route=\/wp\/v2\/types\/post"}],"author":[{"embeddable":true,"href":"https:\/\/spkluczewsko.pl\/index.php?rest_route=\/wp\/v2\/users\/2"}],"replies":[{"embeddable":true,"href":"https:\/\/spkluczewsko.pl\/index.php?rest_route=%2Fwp%2Fv2%2Fcomments&post=4207"}],"version-history":[{"count":1,"href":"https:\/\/spkluczewsko.pl\/index.php?rest_route=\/wp\/v2\/posts\/4207\/revisions"}],"predecessor-version":[{"id":4208,"href":"https:\/\/spkluczewsko.pl\/index.php?rest_route=\/wp\/v2\/posts\/4207\/revisions\/4208"}],"wp:attachment":[{"href":"https:\/\/spkluczewsko.pl\/index.php?rest_route=%2Fwp%2Fv2%2Fmedia&parent=4207"}],"wp:term":[{"taxonomy":"category","embeddable":true,"href":"https:\/\/spkluczewsko.pl\/index.php?rest_route=%2Fwp%2Fv2%2Fcategories&post=4207"},{"taxonomy":"post_tag","embeddable":true,"href":"https:\/\/spkluczewsko.pl\/index.php?rest_route=%2Fwp%2Fv2%2Ftags&post=4207"}],"curies":[{"name":"wp","href":"https:\/\/api.w.org\/{rel}","templated":true}]}}