{"id":4211,"date":"2022-01-14T11:29:05","date_gmt":"2022-01-14T10:29:05","guid":{"rendered":"http:\/\/spkluczewsko.pl\/?p=4211"},"modified":"2022-01-14T11:29:05","modified_gmt":"2022-01-14T10:29:05","slug":"wygrane-mlodziczek-i-debiut-mlodych-minisiatkarek","status":"publish","type":"post","link":"https:\/\/spkluczewsko.pl\/?p=4211","title":{"rendered":"Wygrane M\u0142odziczek i Debiut M\u0142odych Minisiatkarek"},"content":{"rendered":"<p>Dzisiaj (24.10.) z samego rana zwarta grupa 25 siatkarek z Kluczewska uda\u0142a si\u0119 do Kielc na \u201eSiatkarskie \u015awi\u0119to\u201d, gdzie r\u00f3wnocze\u015bnie rozgrywany by\u0142 turniej rozstawny&nbsp;<strong>\u015awi\u0119tokrzyskiej Ligi M\u0142odziczek<\/strong>&nbsp;oraz pierwszy z cyklu turniej\u00f3w&nbsp;<strong>\u201e\u015awi\u0119tokrzyskie Mini Volley Cup\u201d<\/strong>. Na pocz\u0105tek do boju ruszy\u0142y nasze m\u0142odziczki sprawiaj\u0105c wszystkim sympatykom spor\u0105 niespodziank\u0119. Nasze dziewczyny pewnie pokona\u0142y najpierw FUN SPORT Kielce II 2:0 (25:9; 25:17), a nast\u0119pnie Salos Cortile Kielce 2:0 (25:8; 25:14). Dzi\u0119ki tym zwyci\u0119stwom kluczewianki obecny sezon rozpoczn\u0105 w I lidze! W mi\u0119dzyczasie rozpocz\u0119\u0142y si\u0119 rozgrywki dla minisiatkarek, gdzie zagra\u0142y dru\u017cyny z Kielc, Skar\u017cyska Kamiennej, Ostrowca \u015awi\u0119tokrzyskiego, Opatowa i Kluczewska.<\/p>\n<p>Dru\u017cyna SP Kluczewsko po raz pierwszy w historii wyst\u0105pi\u0142a we wszystkich kategoriach wiekowych. Sw\u00f3j absolutny debiut na zawodach zaliczy\u0142y nasze \u201esingielki\u201d, \u201edw\u00f3jeczki\u201d i \u201etr\u00f3jeczki\u201d. Gra\u0142y te\u017c ju\u017c zaprawione w bojach \u201eczw\u00f3reczki\u201d. Trzeba przyzna\u0107, \u017ce jak na debiutantki nasze siatkareczki spisa\u0142y si\u0119 \u015bwietnie. W kategorii \u201etr\u00f3jki\u201d wyst\u0105pi\u0142o 18 zespo\u0142\u00f3w. Bilans naszych dru\u017cyn to: VII miejsce SP II Kluczewsko (5 mecz\u00f3w, 3 zwyci\u0119stwa, 2 pora\u017cki) oraz IX miejsce SP I Kluczewsko (4 mecze, 2 zwyci\u0119stwa, 2 pora\u017cki). W kategorii \u201edw\u00f3jki\u201d wyst\u0105pi\u0142a jedna nasza dru\u017cyna zajmuj\u0105c VII miejsce (5 mecz\u00f3w, 3 zwyci\u0119stwa i 2 pora\u017cki) w gronie 16 zespo\u0142\u00f3w. W kategorii \u201esingle\u201d SP Kluczewsko reprezentowa\u0142y 4 dziewczynki: Oliwka Basiak, Ola Dobrowolska, Lila Owsikowska i D\u017cesika Zeler (\u0142\u0105cznie zagra\u0142o 19 zawodniczek). Trzeba przyzna\u0107, \u017ce nasze najm\u0142odsze \u201eszkrabiki\u201d walczy\u0142y jak \u201elwice\u201d maj\u0105c przy tym wiele rado\u015bci. Ostatecznie D\u017cesika zaj\u0119\u0142a XIV miejsce (5 mecz\u00f3w, 3 zwyci\u0119stwa, 2 pora\u017cki), Oliwka \u2013 IX miejsce (4 mecze, 2 zwyci\u0119stwa, 2 pora\u017cki), Lila \u2013 VII miejsce (6 miecz\u00f3w, 4 zwyci\u0119stwa, 2 pora\u017cki), Ola \u2013 V miejsce (6 mecz\u00f3w, 4 zwyci\u0119stwa, 2 pora\u017cki). Ostatnie zawody ko\u0144czy\u0142y \u201eczw\u00f3rki\u201d. W tej kategorii SP Kluczewsko reprezentowa\u0142a jedna dru\u017cyna, kt\u00f3ra ostatecznie zaj\u0119\u0142a bardzo dobre II miejsce (4 mecze, 3 zwyci\u0119stwa, 1 pora\u017cka) w gronie 12 zespo\u0142\u00f3w.<\/p>\n<p>Bezsprzecznie niedzielne granie trzeba zaliczy\u0107 na wielki \u201eplus\u201d. U\u015bmiechni\u0119te buzie m\u0142odych siatkarek graj\u0105cych i wracaj\u0105cych z turnieju dowodz\u0105, \u017ce by\u0142o fajnie\u2026 a skoro by\u0142o fajnie to trenujemy dalej i czekamy na kolejne rozgrywki.<\/p>\n<p><strong><em>Ca\u0142y czas zapraszamy nowe dziewczynki, kt\u00f3re chc\u0105 do\u0142\u0105czy\u0107 to naszej \u201esiatkarskiej rodziny\u201d.<\/em><\/strong><\/p>\n<p><u>Dru\u017cyny Szko\u0142y Podstawowej Arki Kluczewsko w zawodach zagra\u0142y w sk\u0142adach.<\/u><\/p>\n<p>\u201eSingle\u201d:&nbsp;<strong><em>Oliwia Basiak, Ola Dobrowolska, Liliana Owsikowska, D\u017cesika Zeler.&nbsp;<\/em><\/strong>\u201eDw\u00f3jki\u201d:&nbsp;<strong><em>Zuzia Hyska, Zosia Zawisza, Wiktoria Karolczyk.&nbsp;<\/em><\/strong>\u201eTr\u00f3jki\u201d \u2013 I Zesp\u00f3\u0142:&nbsp;<strong><em>Martyna Teklak, Maja Ruci\u0144ska, Ma\u0142gosia Gacek.&nbsp;<\/em><\/strong>\u201eTr\u00f3jki \u2013 II Zesp\u00f3\u0142:&nbsp;<strong><em>Lena Czarny Marsza\u0142ek, Lena Jasi\u0144ska, Wirginia Adamus.&nbsp;<\/em><\/strong>\u201eCzw\u00f3rki\u201d:&nbsp;<strong><em>Kinga Czai\u0144ska, Amelia Jo\u0144czyk, Emilia Dobrowolska, Natalia Miko\u0142ajczyk, Amelia Pura, Basia Szymczyk<\/em><\/strong><\/p>\n<p>Opiek\u0119 nad zespo\u0142ami Minisiatk\u00f3wki sprawowa\u0142a p.&nbsp;<strong>Beata B\u0105k<\/strong>&nbsp;i&nbsp;<strong>p. Tomasz D\u0119bowski<\/strong><\/p>\n<p>M\u0142odziczki:&nbsp;<strong><em>Ania Garbiec (kpt.), Amelia Jo\u0144czyk, Kinga Czai\u0144ska, Zuzia Wyrobek, Kamila Stanisz, Natalia Miko\u0142ajczyk, Emilia Dobrowolska, Zuzia Jaworska, Amelia Pura, Kinga Bakalarz, Basia Szymczyk, Emilka Miszczak.<\/em><\/strong>&nbsp;Trener \u2013&nbsp;<strong><em>Tomasz D\u0119bowski<\/em><\/strong><\/p>\n<p>Zdj\u0119cia:&nbsp;<a href=\"https:\/\/www.facebook.com\/SPArkaKluczewsko\/posts\/588823722542235\">TUTAJ:<\/a><\/p>\n","protected":false},"excerpt":{"rendered":"<p>Dzisiaj (24.10.) z samego rana zwarta grupa 25 siatkarek z Kluczewska uda\u0142a si\u0119 do Kielc na \u201eSiatkarskie \u015awi\u0119to\u201d, gdzie r\u00f3wnocze\u015bnie rozgrywany by\u0142 turniej rozstawny&nbsp;\u015awi\u0119tokrzyskiej Ligi M\u0142odziczek&nbsp;oraz pierwszy z cyklu turniej\u00f3w&nbsp;\u201e\u015awi\u0119tokrzyskie Mini Volley Cup\u201d. Na pocz\u0105tek do boju ruszy\u0142y nasze m\u0142odziczki sprawiaj\u0105c wszystkim sympatykom spor\u0105 niespodziank\u0119. Nasze dziewczyny pewnie pokona\u0142y najpierw [&hellip;]<\/p>\n","protected":false},"author":2,"featured_media":0,"comment_status":"open","ping_status":"open","sticky":false,"template":"","format":"standard","meta":{"ngg_post_thumbnail":0,"footnotes":""},"categories":[324],"tags":[],"class_list":["post-4211","post","type-post","status-publish","format-standard","hentry","category-aktualnosci"],"_links":{"self":[{"href":"https:\/\/spkluczewsko.pl\/index.php?rest_route=\/wp\/v2\/posts\/4211","targetHints":{"allow":["GET"]}}],"collection":[{"href":"https:\/\/spkluczewsko.pl\/index.php?rest_route=\/wp\/v2\/posts"}],"about":[{"href":"https:\/\/spkluczewsko.pl\/index.php?rest_route=\/wp\/v2\/types\/post"}],"author":[{"embeddable":true,"href":"https:\/\/spkluczewsko.pl\/index.php?rest_route=\/wp\/v2\/users\/2"}],"replies":[{"embeddable":true,"href":"https:\/\/spkluczewsko.pl\/index.php?rest_route=%2Fwp%2Fv2%2Fcomments&post=4211"}],"version-history":[{"count":1,"href":"https:\/\/spkluczewsko.pl\/index.php?rest_route=\/wp\/v2\/posts\/4211\/revisions"}],"predecessor-version":[{"id":4212,"href":"https:\/\/spkluczewsko.pl\/index.php?rest_route=\/wp\/v2\/posts\/4211\/revisions\/4212"}],"wp:attachment":[{"href":"https:\/\/spkluczewsko.pl\/index.php?rest_route=%2Fwp%2Fv2%2Fmedia&parent=4211"}],"wp:term":[{"taxonomy":"category","embeddable":true,"href":"https:\/\/spkluczewsko.pl\/index.php?rest_route=%2Fwp%2Fv2%2Fcategories&post=4211"},{"taxonomy":"post_tag","embeddable":true,"href":"https:\/\/spkluczewsko.pl\/index.php?rest_route=%2Fwp%2Fv2%2Ftags&post=4211"}],"curies":[{"name":"wp","href":"https:\/\/api.w.org\/{rel}","templated":true}]}}