{"id":4217,"date":"2022-01-14T11:31:09","date_gmt":"2022-01-14T10:31:09","guid":{"rendered":"http:\/\/spkluczewsko.pl\/?p=4217"},"modified":"2022-01-14T11:31:09","modified_gmt":"2022-01-14T10:31:09","slug":"dublet-kluczewska-2","status":"publish","type":"post","link":"https:\/\/spkluczewsko.pl\/?p=4217","title":{"rendered":"Dublet Kluczewska!!!"},"content":{"rendered":"<p>Siatkarki i Siatkarze Szko\u0142y Podstawowej z Kluczewska odnie\u015bli kolejny sukces awansuj\u0105c do&nbsp;<strong>Fina\u0142u Wojew\u00f3dzkiego Festiwalu Mini Pi\u0142ki Siatkowej o Puchar Marsza\u0142ka Wojew\u00f3dztwa \u015awi\u0119tokrzyskiego.<\/strong><\/p>\n<p>17 listopada we W\u0142oszczowie odby\u0142 si\u0119 P\u00f3\u0142fina\u0142 Wojew\u00f3dzki dla ch\u0142opc\u00f3w z udzia\u0142em 4 dru\u017cyn: SP Secemin, SP Dobromierz, SP Kluczewsko i SP Piekosz\u00f3w. Pierwsze miejsce z kompletem zwyci\u0119stw zaj\u0119li ch\u0142opcy z Kluczewska, a ich wyniki przedstawiaj\u0105 si\u0119 nast\u0119puj\u0105co:&nbsp;<strong>Kluczewsko \u2013 Dobromierz 2:1, Kluczewsko \u2013 Secemin 2:0, Kluczewsko \u2013 Piekosz\u00f3w 2:0.<\/strong>&nbsp;Klasyfikacja ko\u0144cowa:&nbsp;<strong>1. SP Kluczewsko<\/strong>, 2. SP Secemin, 3. SP Dobromierz, 4. SP Piekosz\u00f3w.<\/p>\n<p>18 listopada w Kluczewsku odby\u0142 si\u0119 P\u00f3\u0142fina\u0142 Dziewcz\u0105t, tak\u017ce z udzia\u0142em 4 dru\u017cyn: SP Kluczewsko, SP nr 2 W\u0142oszczowa, SP Dobromierz i SP Piekosz\u00f3w. Siatkarki z Kluczewska powt\u00f3rzy\u0142y sukces swoich koleg\u00f3w i tak\u017ce pewnie z pierwszego miejsca awansowa\u0142y do Fina\u0142u Wojew\u00f3dzkiego. Ich wyniki przedstawiaj\u0105 si\u0119 nast\u0119puj\u0105co:&nbsp;<strong>Kluczewsko \u2013 W\u0142oszczowa 2:1, Kluczewsko \u2013 Piekosz\u00f3w 2:0, Kluczewsko \u2013 Dobromierz 2:0.<\/strong>&nbsp;Klasyfikacja ko\u0144cowa:&nbsp;<strong>1. SP Kluczewsko<\/strong>, 2. SP Dobromierz, 3. SP Piekosz\u00f3w, 4. SP nr 2 W\u0142oszczowa.<\/p>\n<p>Fina\u0142 Wojew\u00f3dzki odb\u0119dzie si\u0119 ju\u017c niebawem, najprawdopodobniej w Kielcach.<\/p>\n<p>W P\u00f3\u0142fina\u0142ach Wojew\u00f3dzkich dru\u017cyny SP Kluczewsko wyst\u0105pi\u0142y w sk\u0142adach:<\/p>\n<p>Ch\u0142opcy:&nbsp;<strong><em>Mateusz Czai\u0144ski (kpt.), Kacper Pura, Nataniel Borkowski, Piotr \u0141awi\u0144ski, Igor Szczukocki, Konrad Rokosa, Kaspian \u0141azarski, Sebastian Pytlos, Eryk Ruci\u0144ski, Dawid \u0141awi\u0144ski, Bart\u0142omiej Cegie\u0142a.<\/em><\/strong>&nbsp;Opiekun \u2013&nbsp;<strong><em>p. Beata B\u0105k<\/em><\/strong><\/p>\n<p>Dziewczyny:&nbsp;<strong><em>Aleksandra Jandu\u0142a (kpt.), Kinga Czai\u0144ska, Amelia Jo\u0144czyk, Amelia Pura, Olga Wi\u015bniewska, Martyna Teklak, Maja Ruci\u0144ska, Ma\u0142gorzata Gacek, Wirginia Adamus.<\/em><\/strong>&nbsp;Opiekun \u2013&nbsp;<strong><em>p. Tomasz D\u0119bowski.<\/em><\/strong><\/p>\n","protected":false},"excerpt":{"rendered":"<p>Siatkarki i Siatkarze Szko\u0142y Podstawowej z Kluczewska odnie\u015bli kolejny sukces awansuj\u0105c do&nbsp;Fina\u0142u Wojew\u00f3dzkiego Festiwalu Mini Pi\u0142ki Siatkowej o Puchar Marsza\u0142ka Wojew\u00f3dztwa \u015awi\u0119tokrzyskiego. 17 listopada we W\u0142oszczowie odby\u0142 si\u0119 P\u00f3\u0142fina\u0142 Wojew\u00f3dzki dla ch\u0142opc\u00f3w z udzia\u0142em 4 dru\u017cyn: SP Secemin, SP Dobromierz, SP Kluczewsko i SP Piekosz\u00f3w. Pierwsze miejsce z kompletem zwyci\u0119stw [&hellip;]<\/p>\n","protected":false},"author":2,"featured_media":0,"comment_status":"open","ping_status":"open","sticky":false,"template":"","format":"standard","meta":{"ngg_post_thumbnail":0,"footnotes":""},"categories":[324],"tags":[],"class_list":["post-4217","post","type-post","status-publish","format-standard","hentry","category-aktualnosci"],"_links":{"self":[{"href":"https:\/\/spkluczewsko.pl\/index.php?rest_route=\/wp\/v2\/posts\/4217","targetHints":{"allow":["GET"]}}],"collection":[{"href":"https:\/\/spkluczewsko.pl\/index.php?rest_route=\/wp\/v2\/posts"}],"about":[{"href":"https:\/\/spkluczewsko.pl\/index.php?rest_route=\/wp\/v2\/types\/post"}],"author":[{"embeddable":true,"href":"https:\/\/spkluczewsko.pl\/index.php?rest_route=\/wp\/v2\/users\/2"}],"replies":[{"embeddable":true,"href":"https:\/\/spkluczewsko.pl\/index.php?rest_route=%2Fwp%2Fv2%2Fcomments&post=4217"}],"version-history":[{"count":1,"href":"https:\/\/spkluczewsko.pl\/index.php?rest_route=\/wp\/v2\/posts\/4217\/revisions"}],"predecessor-version":[{"id":4218,"href":"https:\/\/spkluczewsko.pl\/index.php?rest_route=\/wp\/v2\/posts\/4217\/revisions\/4218"}],"wp:attachment":[{"href":"https:\/\/spkluczewsko.pl\/index.php?rest_route=%2Fwp%2Fv2%2Fmedia&parent=4217"}],"wp:term":[{"taxonomy":"category","embeddable":true,"href":"https:\/\/spkluczewsko.pl\/index.php?rest_route=%2Fwp%2Fv2%2Fcategories&post=4217"},{"taxonomy":"post_tag","embeddable":true,"href":"https:\/\/spkluczewsko.pl\/index.php?rest_route=%2Fwp%2Fv2%2Ftags&post=4217"}],"curies":[{"name":"wp","href":"https:\/\/api.w.org\/{rel}","templated":true}]}}