{"id":5674,"date":"2022-06-23T22:01:20","date_gmt":"2022-06-23T20:01:20","guid":{"rendered":"http:\/\/spkluczewsko.pl\/?p=5674"},"modified":"2022-06-25T09:25:18","modified_gmt":"2022-06-25T07:25:18","slug":"wizyta-u-pana-wojta-i-szalone-zakonczenie-sezonu-siatkarek-uks-lolek-kluczewsko-2","status":"publish","type":"post","link":"https:\/\/spkluczewsko.pl\/?p=5674","title":{"rendered":"Wizyta u Pana W\u00f3jta i \u201eszalone\u201d zako\u0144czenie sezonu Siatkarek UKS Lolek Kluczewsko"},"content":{"rendered":"<p style=\"text-align: justify;\">23 czerwca Siatkarki i Minisiatkarki <strong>Uczniowskiego Klubu Sportowego Lolek Kluczewsko<\/strong> zako\u0144czy\u0142y niezwykle udany dla nich sezon 2021\/2022. Najpierw grupa naszych dziewcz\u0105t, kt\u00f3ra awansowa\u0142a na Mistrzostwa Polski na specjalne zaproszenie pana <strong>W\u00f3jta Rafa\u0142a Pa\u0142ki<\/strong> odwiedzi\u0142a Urz\u0105d Gminy, gdzie otrzyma\u0142a z jego r\u0105k oficjalne podzi\u0119kowania za osi\u0105gni\u0119ty wynik. Pan W\u00f3jt wyrazi\u0142 ogromne zadowolenie, \u017ce tak du\u017co m\u0142odych siatkarek trenuj\u0119 siatk\u00f3wk\u0119 w naszej Gminie, a sukcesy przez nie osi\u0105gane s\u0105 wspania\u0142\u0105 promocj\u0105 Naszej Ma\u0142ej Ojczyzny na r\u00f3\u017cnych arenach \u2013 powiatowych, wojew\u00f3dzkich i og\u00f3lnopolskich. \u017byczy\u0142 On tak\u017ce siatkarkom, aby Herb Gminy, kt\u00f3ry widnieje na ich koszulkach zast\u0105pi\u0142 kiedy\u015b Orze\u0142 Bia\u0142y. Oczywi\u015bcie nie mieliby\u015bmy nic przeciwko temu.<\/p>\n<p style=\"text-align: justify;\">Po po\u0142udniu natomiast prawie wszystkie nasze \u201esiatkareczki\u201d spotka\u0142y si\u0119 w hali sportowej na oficjalnym zako\u0144czeniu sezonu 2021\/2022. Spotkanie rozpocz\u0119li\u015bmy nietypowo bo od przedstawienia za pomoc\u0105 projektora sylwetki Micha\u0142a Kubiaka \u2013 wybitnego Reprezentanta Polski, dwukrotnego Mistrza \u015awiata i by\u0142ego kapitana naszej Kadry, kt\u00f3rego gra i zaanga\u017cowanie mo\u017ce by\u0107 wzorem do na\u015bladowania dla wielu m\u0142odych pokole\u0144. Nast\u0119pnie obejrzeli\u015bmy prezentacj\u0119 207 zdj\u0119\u0107 ze wszystkich rozgrywek, na kt\u00f3rych wyst\u0105pili\u015bmy w tym sezonie, a by\u0142o ich naprawd\u0119 sporo.<\/p>\n<p style=\"text-align: justify;\">Po emocjach \u201ekinowych\u201d przyszed\u0142 czas na te sportowe. Podzielili\u015bmy si\u0119 na 6 grup i zacz\u0119li\u015bmy rywalizacj\u0119 w ro\u017cnych konkurencjach na weso\u0142o, kt\u00f3re zako\u0144czyli\u015bmy przeci\u0105ganiem liny: Grupa Starsza kontra Grupa M\u0142odsza. Starsze Siatkarki walczy\u0142y dzielnie, ale dwukrotnie musia\u0142y uzna\u0107 wy\u017cszo\u015b\u0107 m\u0142odszych dziewczyn. Trzeba przyzna\u0107, \u017ce walka o zwyci\u0119stwo w tej konkurencji \u201erobi\u0142a wra\u017cenie\u201d, a w Minisiatkarkach wida\u0107 power. Je\u015bli w przysz\u0142ym roku b\u0119d\u0105 tak gra\u0107 jak ci\u0105gn\u0119\u0142y dzi\u015b lin\u0119 to o wyniki jeste\u015bmy spokojni.<\/p>\n<p style=\"text-align: justify;\">Kulminacj\u0105 zako\u0144czenia by\u0142o wr\u0119czenie pami\u0105tkowych medali i statuetek oraz co\u015b s\u0142odkiego.<\/p>\n<p style=\"text-align: justify;\">Sezon 2021\/2022 by\u0142 sezonem sporego grania i wielu sukces\u00f3w. Z tych najwi\u0119kszych trzeba wymieni\u0107: Zdobycie Pucharu Marsza\u0142ka Wojew\u00f3dztwa \u015awi\u0119tokrzyskiego, Wicemistrzostwo Wojew\u00f3dztwa \u015awi\u0119tokrzyskiego w Minisiatk\u00f3wce Dziewcz\u0105t \u2013 Igrzyska Dzieci, Wicemistrzostwo Wojew\u00f3dztwa \u015awi\u0119tokrzyskiego w ramach Og\u00f3lnopolskich Mistrzostw Kinder Joy Of Moving i awans na Mistrzostwa Polski (Gliwice, 1-3.07.). I miejsce w Finale Wojew\u00f3dzkim Turnieju \u201e\u015awi\u0119tokrzyskie Mini Volley Cup\u201d \u2013 kategoria \u201eczw\u00f3rki\u201d, II miejsce w Finale Wojew\u00f3dzkim Turnieju \u201e\u015awi\u0119tokrzyskie Mini Volley Cup\u201d \u2013 kategoria \u201edw\u00f3jki\u201d, III (Lila) i IV (Ola) miejsce w Finale Wojew\u00f3dzkim Turnieju \u201e\u015awi\u0119tokrzyskie Mini Volley Cup\u201d \u2013 kategoria \u201esingle\u201d. I (Maja) i III (Nela) miejsce w Turnieju \u201e\u015awi\u0119tokrzyskie Mini Volley Cup\u201d \u2013 kategoria \u201esingle m\u0142odsze \u2013 rzucanka\u201d. Wi\u0119kszo\u015b\u0107 naszych dziewczynek rywalizowa\u0142a na turniejach w Kielcach, Ostrowcu \u015awi\u0119tokrzyskim, Skar\u017cysku Kamiennej, Be\u0142chatowie, W\u0142oszczowie, Kluczewsku, Przedborzu i Nadarzynie. Grupa starsza rywalizowa\u0142a w \u015awi\u0119tokrzyskiej Lidze M\u0142odziczek, gdzie zaj\u0119\u0142a bardzo dobre czwarte miejsce. Byli\u015bmy, tak\u017ce organizatorem IV Og\u00f3lnopolskiego Turnieju Minisiatk\u00f3wki \u2013 \u201eKluczewsko Mini Volley Cup\u20192022\u201d, w kt\u00f3ry wyst\u0105pi\u0142a czo\u0142\u00f3wka zespo\u0142\u00f3w z sze\u015bciu wojew\u00f3dztw (opolskiego, ma\u0142opolskiego, \u015bl\u0105skiego, \u0142\u00f3dzkiego, lubelskiego, \u015bwi\u0119tokrzyskiego).<\/p>\n<p style=\"text-align: justify;\">Oczywi\u015bcie nie by\u0142o by naszych sukces\u00f3w, gdyby nie osoby i instytucje, kt\u00f3re nas wspieraj\u0105. Serdecznie dzi\u0119kujemy <strong>Gminie Kluczewsko<\/strong> na czele z <strong>Panem W\u00f3jtem Rafa\u0142em Pa\u0142k\u0105<\/strong>, <strong>Starostwu Powiatowemu we W\u0142oszczowie<\/strong>, <strong>Firmie InSPORTline Polska \u2013 pan Krzysztof St\u0119pie\u0144, Firmie Budowlano \u2013 Handlowej \u201eDANIEL\u201d \u2013 pan Daniel \u0141\u0119cki, Akademii PGE Skry Be\u0142chat\u00f3w, Panu Krzysztofowi \u0141awi\u0144skiemu \u2013 dyrektorowi KUZG Kluczewsko, Pani Irenie Orzechowskiej \u2013 dyrektor Zespo\u0142u Przedszkolno \u2013 Szkolnego w Kluczewsku, Pani Monice Bakalarz i Kamilowi Borowieckiemu <\/strong>za obs\u0142ug\u0119 medyczn\u0105&nbsp; oraz w spos\u00f3b szczeg\u00f3lny <strong>Rodzicom <\/strong>naszych Siatkarek, kt\u00f3rzy nam zaufali i mocno wspieraj\u0105 swoje pociechy w d\u0105\u017ceniu do rozwijania ich pasji.<\/p>\n<p style=\"text-align: right;\">Do zobaczenia w nowym sezonie<\/p>\n<p style=\"text-align: justify;\">Zdj\u0119cia <a href=\"https:\/\/www.facebook.com\/UKSLolekKluczewsko\/posts\/pfbid02HYbYHNriK43Hs4dwjFMNRpsFeC3yjSqnZo6BXqWZMa2DNAT2ypkUdfbPBVTst2n6l\">TUTAJ:<\/a><\/p>\nngg_shortcode_0_placeholder\n","protected":false},"excerpt":{"rendered":"<p>23 czerwca Siatkarki i Minisiatkarki Uczniowskiego Klubu Sportowego Lolek Kluczewsko zako\u0144czy\u0142y niezwykle udany dla nich sezon 2021\/2022. Najpierw grupa naszych dziewcz\u0105t, kt\u00f3ra awansowa\u0142a na Mistrzostwa Polski na specjalne zaproszenie pana W\u00f3jta Rafa\u0142a Pa\u0142ki odwiedzi\u0142a Urz\u0105d Gminy, gdzie otrzyma\u0142a z jego r\u0105k oficjalne podzi\u0119kowania za osi\u0105gni\u0119ty wynik. Pan W\u00f3jt wyrazi\u0142 ogromne [&hellip;]<\/p>\n","protected":false},"author":2,"featured_media":0,"comment_status":"open","ping_status":"open","sticky":false,"template":"","format":"standard","meta":{"ngg_post_thumbnail":0,"footnotes":""},"categories":[324],"tags":[],"class_list":["post-5674","post","type-post","status-publish","format-standard","hentry","category-aktualnosci"],"_links":{"self":[{"href":"https:\/\/spkluczewsko.pl\/index.php?rest_route=\/wp\/v2\/posts\/5674","targetHints":{"allow":["GET"]}}],"collection":[{"href":"https:\/\/spkluczewsko.pl\/index.php?rest_route=\/wp\/v2\/posts"}],"about":[{"href":"https:\/\/spkluczewsko.pl\/index.php?rest_route=\/wp\/v2\/types\/post"}],"author":[{"embeddable":true,"href":"https:\/\/spkluczewsko.pl\/index.php?rest_route=\/wp\/v2\/users\/2"}],"replies":[{"embeddable":true,"href":"https:\/\/spkluczewsko.pl\/index.php?rest_route=%2Fwp%2Fv2%2Fcomments&post=5674"}],"version-history":[{"count":2,"href":"https:\/\/spkluczewsko.pl\/index.php?rest_route=\/wp\/v2\/posts\/5674\/revisions"}],"predecessor-version":[{"id":5877,"href":"https:\/\/spkluczewsko.pl\/index.php?rest_route=\/wp\/v2\/posts\/5674\/revisions\/5877"}],"wp:attachment":[{"href":"https:\/\/spkluczewsko.pl\/index.php?rest_route=%2Fwp%2Fv2%2Fmedia&parent=5674"}],"wp:term":[{"taxonomy":"category","embeddable":true,"href":"https:\/\/spkluczewsko.pl\/index.php?rest_route=%2Fwp%2Fv2%2Fcategories&post=5674"},{"taxonomy":"post_tag","embeddable":true,"href":"https:\/\/spkluczewsko.pl\/index.php?rest_route=%2Fwp%2Fv2%2Ftags&post=5674"}],"curies":[{"name":"wp","href":"https:\/\/api.w.org\/{rel}","templated":true}]}}