{"id":6268,"date":"2022-09-30T21:53:23","date_gmt":"2022-09-30T19:53:23","guid":{"rendered":"http:\/\/spkluczewsko.pl\/?p=6268"},"modified":"2022-10-02T17:17:10","modified_gmt":"2022-10-02T15:17:10","slug":"beactive-europejski-tydzien-sportu-uczcilismy-boccia","status":"publish","type":"post","link":"https:\/\/spkluczewsko.pl\/?p=6268","title":{"rendered":"#BEACTIVE &#8211; Europejski Tydzie\u0144 Sportu uczcili\u015bmy \u201eBocci\u0105\u201d"},"content":{"rendered":"<p style=\"text-align: justify;\">\u201eBoccia\u201d, niby spokojna gra, ale naprawd\u0119 potrafi ekscytowa\u0107. Przekonali\u015bmy si\u0119 o tym rozgrywaj\u0105c Mistrzostwa naszej Szko\u0142y, kt\u00f3re zorganizowali\u015bmy w ramach <strong>#BEACTIVE \u2013 Europejskiego Tygodnia Sportu<\/strong>. Impreza ta odbywa si\u0119 w dniach 23-30 wrze\u015bnia 2022 roku w wi\u0119kszo\u015bci kraj\u00f3w Europy, a narodowym koordynatorem wydarze\u0144 jest Ministerstwo Sportu i Turystyki.<\/p>\n<p style=\"text-align: justify;\">Jako, \u017ce nasza Szko\u0142a kocha sport i wszelak\u0105 aktywno\u015b\u0107 fizyczn\u0105, z przyjemno\u015bci\u0105 tradycyjne przy\u0142\u0105czyli\u015bmy si\u0119 do tej wspania\u0142ej inicjatywy. W tym roku postanowili\u015bmy rozegra\u0107 Mistrzostwa Szko\u0142y w gr\u0119 \u201eBoccia\u201d, w kt\u00f3r\u0105 mog\u0105 gra\u0107 ze sob\u0105 \u201ei mali i duzi\u201d. Do zawod\u00f3w zg\u0142osi\u0142o si\u0119 16 zespo\u0142\u00f3w z klas IV-VIII, kt\u00f3re gra\u0142y ze sob\u0105 \u201esystemem brazylijskim\u201d do dw\u00f3ch wygranych \u201eend\u00f3w\u201d. Na dow\u00f3d tego jak emocjonuj\u0105ce by\u0142y to spotkanie niech \u015bwiadczy fakt, \u017ce na 30 rozegranych mecz\u00f3w, 20 zako\u0144czy\u0142o si\u0119 wynikiem 2:1. Ostatecznie w Mistrzostwach zwyci\u0119\u017cy\u0142y ZIOMKI (Maja Ruci\u0144ska, Ma\u0142gosia Gacek, Martyna Teklak), II miejsce zdoby\u0142y PSZCZ\u00d3\u0141KI (Ola Dobrowolska, Lila Owsikowska, Kasia Borowiecka), III miejsce \u2013 WILCZURY (Kamil Bia\u0142kowski, Tymek Kowalczyk, Pawe\u0142 Wiatrowski).<\/p>\n<p style=\"text-align: justify;\">Wszystkie dru\u017cyny zosta\u0142y uhonorowane pami\u0105tkowymi dyplomami, czo\u0142owe dru\u017cyny otrzyma\u0142y tak\u017ce upominki. Ju\u017c w przysz\u0142ym tygodniu kolejne sportowe emocje w naszej Szkole, gdzie b\u0119dziemy obchodzi\u0107 Szkolny Dzie\u0144 Sportu po\u0142\u0105czony z promocj\u0105 zdrowego stylu od\u017cywiania.<\/p>\n<p style=\"text-align: justify;\">P.S. Przy okazji rozgrywek w \u201eBocci\u0119\u201d gor\u0105co pozdrawiamy naszego Absolwenta \u2013 Kacpra Turczyna dzi\u0119ki kt\u00f3remu ta gra pojawi\u0142a si\u0119 w naszej Szkole.<\/p>\n<p style=\"text-align: right;\">Nauczyciele WF<\/p>\nngg_shortcode_0_placeholder\n","protected":false},"excerpt":{"rendered":"<p>\u201eBoccia\u201d, niby spokojna gra, ale naprawd\u0119 potrafi ekscytowa\u0107. Przekonali\u015bmy si\u0119 o tym rozgrywaj\u0105c Mistrzostwa naszej Szko\u0142y, kt\u00f3re zorganizowali\u015bmy w ramach #BEACTIVE \u2013 Europejskiego Tygodnia Sportu. Impreza ta odbywa si\u0119 w dniach 23-30 wrze\u015bnia 2022 roku w wi\u0119kszo\u015bci kraj\u00f3w Europy, a narodowym koordynatorem wydarze\u0144 jest Ministerstwo Sportu i Turystyki. Jako, \u017ce [&hellip;]<\/p>\n","protected":false},"author":2,"featured_media":6270,"comment_status":"open","ping_status":"open","sticky":false,"template":"","format":"standard","meta":{"ngg_post_thumbnail":0,"footnotes":""},"categories":[324,1],"tags":[],"class_list":["post-6268","post","type-post","status-publish","format-standard","has-post-thumbnail","hentry","category-aktualnosci","category-bez-kategorii"],"_links":{"self":[{"href":"https:\/\/spkluczewsko.pl\/index.php?rest_route=\/wp\/v2\/posts\/6268","targetHints":{"allow":["GET"]}}],"collection":[{"href":"https:\/\/spkluczewsko.pl\/index.php?rest_route=\/wp\/v2\/posts"}],"about":[{"href":"https:\/\/spkluczewsko.pl\/index.php?rest_route=\/wp\/v2\/types\/post"}],"author":[{"embeddable":true,"href":"https:\/\/spkluczewsko.pl\/index.php?rest_route=\/wp\/v2\/users\/2"}],"replies":[{"embeddable":true,"href":"https:\/\/spkluczewsko.pl\/index.php?rest_route=%2Fwp%2Fv2%2Fcomments&post=6268"}],"version-history":[{"count":1,"href":"https:\/\/spkluczewsko.pl\/index.php?rest_route=\/wp\/v2\/posts\/6268\/revisions"}],"predecessor-version":[{"id":6271,"href":"https:\/\/spkluczewsko.pl\/index.php?rest_route=\/wp\/v2\/posts\/6268\/revisions\/6271"}],"wp:featuredmedia":[{"embeddable":true,"href":"https:\/\/spkluczewsko.pl\/index.php?rest_route=\/wp\/v2\/media\/6270"}],"wp:attachment":[{"href":"https:\/\/spkluczewsko.pl\/index.php?rest_route=%2Fwp%2Fv2%2Fmedia&parent=6268"}],"wp:term":[{"taxonomy":"category","embeddable":true,"href":"https:\/\/spkluczewsko.pl\/index.php?rest_route=%2Fwp%2Fv2%2Fcategories&post=6268"},{"taxonomy":"post_tag","embeddable":true,"href":"https:\/\/spkluczewsko.pl\/index.php?rest_route=%2Fwp%2Fv2%2Ftags&post=6268"}],"curies":[{"name":"wp","href":"https:\/\/api.w.org\/{rel}","templated":true}]}}