{"id":6368,"date":"2022-10-06T22:04:49","date_gmt":"2022-10-06T20:04:49","guid":{"rendered":"http:\/\/spkluczewsko.pl\/?p=6368"},"modified":"2022-10-06T22:04:49","modified_gmt":"2022-10-06T20:04:49","slug":"szkolny-dzien-sportu-polaczony-z-promocja-zdrowego-stylu-odzywiania","status":"publish","type":"post","link":"https:\/\/spkluczewsko.pl\/?p=6368","title":{"rendered":"Szkolny Dzie\u0144 Sportu po\u0142\u0105czony z promocj\u0105 zdrowego stylu od\u017cywiania"},"content":{"rendered":"<p style=\"text-align: justify;\">Tradycyjne na pocz\u0105tku Roku Szkolnego w naszej szkole odbywa si\u0119 \u201eSzkolny Dzie\u0144 Sportu\u201d, w tym roku po\u0142\u0105czony z promocj\u0105 zdrowego stylu od\u017cywiania. Na specjalne zaproszenie przyjecha\u0142a do nas pani dietetyk \u2013 Ewelina Szymczyk, kt\u00f3ra dla naszych uczni\u00f3w i ich rodzic\u00f3w przeprowadzi\u0142a bardzo merytoryczn\u0105 prelekcj\u0119 na temat zdrowych i \u201eniezdrowych\u201d nawyk\u00f3w \u017cywieniowych. Uczestnicy z zaciekawieniem przys\u0142uchiwali si\u0119 Jej radom jak o siebie dba\u0107 i co robi\u0107, aby by\u0107 zdrowym i sprawnym. O tym, \u017ce prezentacja si\u0119 bardzo podoba\u0142a \u015bwiadczy \u201egrad\u201d pyta\u0144 do pani Eweliny zadawanych po jej zako\u0144czeniu, zar\u00f3wno przez uczni\u00f3w jak i przez rodzic\u00f3w.<\/p>\n<p style=\"text-align: justify;\">Po spotkaniu z pani\u0105 dietetyk wszyscy uczniowie udali si\u0119 na hal\u0119 sportow\u0105, gdzie odby\u0142y si\u0119 zawody sportowe w r\u00f3\u017cnych konkurencjach, kt\u00f3re by\u0142y tak skonstruowane, aby mogli w nich rywalizowa\u0107 uczniowie zar\u00f3wno z klasy IV jak i VIII. By\u0142y okrzyki bojowe, uk\u0142adanie hase\u0142 o zdrowiu na czas, rzuty woreczkami do celu, skoki na skakance, kr\u0119cenie \u201ehula hop\u201d czy strza\u0142y do bramki na siedz\u0105co. Zawody zako\u0144czy\u0142y si\u0119 emocjonuj\u0105cym przeci\u0105ganiem liny, kt\u00f3re przysporzy\u0142o uczestnikom wiele zabawy. Podczas zawod\u00f3w ca\u0142y czas prowadzona by\u0142a punktacja, kt\u00f3r\u0105 ostatecznie wygra\u0142a klasa VB przed klas\u0105 VIII i IV.<\/p>\n<p style=\"text-align: justify;\">Dwugodzinne zmagania sportowe dostarczy\u0142y uczestnikom niesamowitych wra\u017ce\u0144 ruchowych, spor\u0105 dawk\u0119 sportowej adrenaliny i pozwoli\u0142y w mi\u0142ej atmosferze sp\u0119dzi\u0107 ten czas. Dzisiejszy dzie\u0144 by\u0142 wyj\u0105tkowy i udowodni\u0142 jak wa\u017cn\u0105 rol\u0119 w \u017cyciu cz\u0142owieka odgrywa sport i zdrowy tryb \u017cycia.<\/p>\n<p style=\"text-align: right;\">Nauczyciele WF<\/p>\nngg_shortcode_0_placeholder\n","protected":false},"excerpt":{"rendered":"<p>Tradycyjne na pocz\u0105tku Roku Szkolnego w naszej szkole odbywa si\u0119 \u201eSzkolny Dzie\u0144 Sportu\u201d, w tym roku po\u0142\u0105czony z promocj\u0105 zdrowego stylu od\u017cywiania. Na specjalne zaproszenie przyjecha\u0142a do nas pani dietetyk \u2013 Ewelina Szymczyk, kt\u00f3ra dla naszych uczni\u00f3w i ich rodzic\u00f3w przeprowadzi\u0142a bardzo merytoryczn\u0105 prelekcj\u0119 na temat zdrowych i \u201eniezdrowych\u201d nawyk\u00f3w [&hellip;]<\/p>\n","protected":false},"author":2,"featured_media":6369,"comment_status":"open","ping_status":"open","sticky":false,"template":"","format":"standard","meta":{"ngg_post_thumbnail":0,"footnotes":""},"categories":[324],"tags":[],"class_list":["post-6368","post","type-post","status-publish","format-standard","has-post-thumbnail","hentry","category-aktualnosci"],"_links":{"self":[{"href":"https:\/\/spkluczewsko.pl\/index.php?rest_route=\/wp\/v2\/posts\/6368","targetHints":{"allow":["GET"]}}],"collection":[{"href":"https:\/\/spkluczewsko.pl\/index.php?rest_route=\/wp\/v2\/posts"}],"about":[{"href":"https:\/\/spkluczewsko.pl\/index.php?rest_route=\/wp\/v2\/types\/post"}],"author":[{"embeddable":true,"href":"https:\/\/spkluczewsko.pl\/index.php?rest_route=\/wp\/v2\/users\/2"}],"replies":[{"embeddable":true,"href":"https:\/\/spkluczewsko.pl\/index.php?rest_route=%2Fwp%2Fv2%2Fcomments&post=6368"}],"version-history":[{"count":1,"href":"https:\/\/spkluczewsko.pl\/index.php?rest_route=\/wp\/v2\/posts\/6368\/revisions"}],"predecessor-version":[{"id":6370,"href":"https:\/\/spkluczewsko.pl\/index.php?rest_route=\/wp\/v2\/posts\/6368\/revisions\/6370"}],"wp:featuredmedia":[{"embeddable":true,"href":"https:\/\/spkluczewsko.pl\/index.php?rest_route=\/wp\/v2\/media\/6369"}],"wp:attachment":[{"href":"https:\/\/spkluczewsko.pl\/index.php?rest_route=%2Fwp%2Fv2%2Fmedia&parent=6368"}],"wp:term":[{"taxonomy":"category","embeddable":true,"href":"https:\/\/spkluczewsko.pl\/index.php?rest_route=%2Fwp%2Fv2%2Fcategories&post=6368"},{"taxonomy":"post_tag","embeddable":true,"href":"https:\/\/spkluczewsko.pl\/index.php?rest_route=%2Fwp%2Fv2%2Ftags&post=6368"}],"curies":[{"name":"wp","href":"https:\/\/api.w.org\/{rel}","templated":true}]}}