{"id":7862,"date":"2023-02-04T18:31:51","date_gmt":"2023-02-04T17:31:51","guid":{"rendered":"http:\/\/spkluczewsko.pl\/?p=7862"},"modified":"2023-02-04T18:31:51","modified_gmt":"2023-02-04T17:31:51","slug":"pierwszy-rok-dzialalnosci-uks-lolek-kluczewsko-za-nami","status":"publish","type":"post","link":"https:\/\/spkluczewsko.pl\/?p=7862","title":{"rendered":"Pierwszy rok dzia\u0142alno\u015bci UKS Lolek Kluczewsko za nami."},"content":{"rendered":"<p style=\"text-align: justify;\">Dok\u0142adnie 31 stycznia 2023 roku min\u0105\u0142 rok od czasu kiedy swoj\u0105 oficjaln\u0105 dzia\u0142alno\u015b\u0107 rozpocz\u0105\u0142 <strong>Uczniowski Klub Sportowy LOLEK Kluczewsko<\/strong>. Przypomnijmy, \u017ce idea stworzenia w\/w klubu narodzi\u0142a si\u0119 z pocz\u0105tkiem Roku Szkolnego 2021\/22. Chcieli\u015bmy, aby nazwa naszego UKS-u by\u0142a \u015bci\u015ble powi\u0105zana z <strong>Patronem Szko\u0142y Podstawowej w Kluczewsku \u2013&nbsp; \u015awi\u0119tym Janem Paw\u0142em II<\/strong> st\u0105d nasz \u201eLOLEK\u201d czyli pseudonim naszego Patrona z lat dzieci\u0144stwa. Jak wiemy by\u0142 on cz\u0142owiekiem wielce utalentowanym i usportowionym, a dzieci i m\u0142odzie\u017c by\u0142y Mu szczeg\u00f3lnie bliskie.<\/p>\n<p style=\"text-align: justify;\">G\u0142\u00f3wnymi za\u0142o\u017ceniami klubu jest planowanie i organizowanie pozalekcyjnego \u017cycia sportowego uczni\u00f3w, anga\u017cowanie ich do r\u00f3\u017cnorodnych form aktywno\u015bci ruchowej, organizowanie zaj\u0119\u0107 sportowych dla nich, upowszechnianie w\u0142a\u015bciwych postaw w zakresie ochrony zdrowia, kszta\u0142towanie pozytywnych cech charakteru i osobowo\u015bci.<\/p>\n<p style=\"text-align: justify;\">W pierwszym roku naszej dzia\u0142alno\u015bci uda\u0142o nam si\u0119 osi\u0105gn\u0105\u0107 kilka mniejszych lub wi\u0119kszych sukces\u00f3w. Na arenach powiatowych, wojew\u00f3dzkich i og\u00f3lnopolskich zagrali\u015bmy w 35 turniejach,&nbsp; w r\u00f3\u017cnych kategoriach wiekowych: \u201esingle\u201d, \u201edw\u00f3jki\u201d, \u201etr\u00f3jki\u201d, \u201eczw\u00f3rki\u201d i \u201em\u0142odziczki\u201d. Wi\u0119kszo\u015b\u0107 naszych dziewczynek rywalizowa\u0142a na turniejach w Kielcach, Ostrowcu \u015awi\u0119tokrzyskim, Skar\u017cysku Kamiennej, Be\u0142chatowie, W\u0142oszczowie, Kluczewsku, Przedborzu, Nadarzynie, \u0141asku, Tomaszowie Mazowieckim, Radomsku, Ostrowach nad Oksz\u0105, Tuszynie.<\/p>\n<p style=\"text-align: justify;\">Do najwi\u0119kszych sukces\u00f3w mo\u017cna zaliczy\u0107: <strong>Wicemistrzostwo Wojew\u00f3dztwa \u015awi\u0119tokrzyskiego w Minisiatk\u00f3wce Dziewcz\u0105t \u2013 Igrzyska Dzieci, Wicemistrzostwo Wojew\u00f3dztwa \u015awi\u0119tokrzyskiego w ramach Og\u00f3lnopolskich Mistrzostw Kinder Joy Of Moving i awans na Mistrzostwa Polski (Gliwice, 1-3.07.), I miejsce w XVII Og\u00f3lnopolskim Turnieju Minisiatk\u00f3wki \u201eJokery Glinka Academy\u20192022\u201d w Tomaszowie Mazowiecki, I miejsce w Finale Wojew\u00f3dzkim Turnieju \u201e\u015awi\u0119tokrzyskie Mini Volley Cup\u201d \u2013 kategoria \u201eczw\u00f3rki\u201d, II miejsce w Finale Wojew\u00f3dzkim Turnieju \u201e\u015awi\u0119tokrzyskie Mini Volley Cup\u201d \u2013 kategoria \u201edw\u00f3jki\u201d, III (Liliana Owsikowska) i IV (Ola Dobrowolska) miejsce w Finale Wojew\u00f3dzkim Turnieju \u201e\u015awi\u0119tokrzyskie Mini Volley Cup\u201d \u2013 kategoria \u201esingle\u201d. I (Maja) i III (Nela) miejsce w Turnieju \u201e\u015awi\u0119tokrzyskie Mini Volley Cup\u201d \u2013 kategoria \u201esingle m\u0142odsze \u2013 rzucanka\u201d. <\/strong><\/p>\n<p style=\"text-align: justify;\">Jesieni\u0105 2022 roku najm\u0142odsze \u201esiatkareczki\u201d LOLKA uczestniczy\u0142y we wspania\u0142ym projekcie <strong>\u201e\u0141\u00f3dzkie Minisingielki\u201d<\/strong> organizowanym przez <strong>\u0141\u00f3dzki Zwi\u0105zek Pi\u0142ki Siatkowej<\/strong>, w kt\u00f3rym udzia\u0142 bra\u0142y dziewczynki z wielu wojew\u00f3dztw. Ogromny sukces odnios\u0142a w nim <strong>Liliana Owsikowska<\/strong>, kt\u00f3ra znalaz\u0142a si\u0119 w pierwszej 5 zawodniczek z najwi\u0119kszym procentem zwyci\u0119stw w ca\u0142ych rozgrywkach.<\/p>\n<p style=\"text-align: justify;\">W obecnym sezonie ca\u0142y czas uczestniczymy w rozgrywkach orgaznizowanych przez <strong>\u015awi\u0119tokrzyski Zwi\u0105zek Pi\u0142ki Siatkowej<\/strong>. S\u0105 to: <strong>\u015awi\u0119tokrzyska Liga Czw\u00f3rek<\/strong> oraz <strong>\u015awi\u0119tokrzyska Liga M\u0142odziczek<\/strong>.<\/p>\n<p style=\"text-align: justify;\">Je\u015bli chodzi o najstarsz\u0105 grup\u0119 wiekow\u0105 czyli \u201em\u0142odziczki\u201d rozgrywki si\u0119 jeszcze tocz\u0105, ale ju\u017c pewne jest, \u017ce nasze siatkarki zdob\u0119d\u0105 medal (jaki oka\u017ce si\u0119 po turniejach fina\u0142owych) i tym samym wywalczy\u0142y ju\u017c sobie awans do <strong>1\/8 Mistrzostw Polski!!!<\/strong><\/p>\n<p style=\"text-align: justify;\">Klub UKS Lolek Kluczewsko podczas pierwszego roku swojej dzia\u0142alno\u015bci by\u0142 organizatorem dw\u00f3ch <strong>Og\u00f3lnopolskich Turniej\u00f3w Minisiatk\u00f3wki Dziewcz\u0105t \u201eKluczewsko Mini Volley Cup\u201d o Puchar W\u00f3jta Gminy Kluczewsko.<\/strong> W kwietniu 2022 roku by\u0142y to zawody dla \u201eczw\u00f3rek\u201d, natomiast w styczniu 2023 dla \u201edw\u00f3jek\u201d. W obu tych turniejach wzi\u0119\u0142o udzia\u0142 w sumie 48 zespo\u0142\u00f3w (ponad 200 uczestnik\u00f3w) z sze\u015bciu wojew\u00f3dztw: opolskiego, ma\u0142opolskiego, \u015bl\u0105skiego, \u0142\u00f3dzkiego, lubelskiego i \u015bwi\u0119tokrzyskiego. W\/w turnieje ciesz\u0105 si\u0119 bardzo du\u017c\u0105 renom\u0105 w regionie. Przyje\u017cd\u017caj\u0105 na nie czo\u0142owe dru\u017cyny z naszego kraju, regularni uczestnicy i triumfatorzy Mistrzostw Polski.<\/p>\n<p style=\"text-align: justify;\">Opr\u00f3cz Turniej\u00f3w Og\u00f3lnopolskich byli\u015bmy organizatorem <strong>Mistrzostw Wojew\u00f3dztwa \u015awi\u0119tokrzyskiego w Minisiatk\u00f3wce Dziewcz\u0105t i Ch\u0142opc\u00f3w \u2013 Igrzyska Dzieci.<\/strong><\/p>\n<p style=\"text-align: justify;\">Oczywi\u015bcie nie zapominamy o wszystkich uczniach naszej szko\u0142y. W zwi\u0105zku z tym w ramach <strong>#BEACTIVE \u2013 Europejskiego Tygodnia Sportu<\/strong> zorganizowali\u015bmy Mistrzostwa Szko\u0142y w gr\u0119 \u201eBoccia\u201d oraz <strong>Szkolny Dzie\u0144 Sportu<\/strong> po\u0142\u0105czony z promocj\u0105 zdrowego stylu od\u017cywiania. Czynnie w\u0142\u0105czyli\u015bmy si\u0119 tak\u017ce w organizacj\u0119 <strong>Rodzinnego Festynu Szkolnego<\/strong> pod has\u0142em <strong>\u201eZ mundurem zdrowo i bezpiecznie. Ka\u017cdy krok ma znaczenie\u201d<\/strong> z okazji <strong>Dnia Dziecka.<\/strong><\/p>\n<p style=\"text-align: justify;\">Mamy nadziej\u0119, \u017ce kolejny rok naszej dzia\u0142alno\u015bci, tak\u017ce b\u0119dzie obfitowa\u0142 w wiele sukces\u00f3w i osi\u0105gni\u0119\u0107. Obecnie na zaj\u0119cia popo\u0142udniowe ucz\u0119szcza ponad 50 uczestnik\u00f3w w r\u00f3\u017cnych kategoriach wiekowych. Trenuj\u0105 z nami dziewczynki i ch\u0142opcy z Kluczewska, jak i z Dobromierza, W\u0142oszczowy i Przedborza. Zaj\u0119cia z dziewczynkami prowadzi pan Tomasz D\u0119bowski natomiast z ch\u0142opcami pani Beata B\u0105k. Ca\u0142y czas zapraszamy wszystkich ch\u0119tnych w wieku od 6 do 13 lat. U nas zaj\u0119cia s\u0105 otwarte dla ka\u017cdego, kto chce rozwija\u0107 swoj\u0105 sprawno\u015b\u0107 i by\u0107 cz\u0119\u015bci\u0105 tej wspania\u0142ej rodziny.<\/p>\n<p style=\"text-align: justify;\">Oczywi\u015bcie dzia\u0142alno\u015b\u0107 naszego klubu nie by\u0142aby mo\u017cliwa gdyby nie wsparcie r\u00f3\u017cnych instytucji. W tym miejscu chcemy serdecznie podzi\u0119kowa\u0107 wszystkim darczy\u0144com, a s\u0105 to: <strong>Gmina Kluczewsko \u2013 W\u00f3jt Gminy Kluczewsko \u2013 Pan Rafa\u0142 Pa\u0142ka, Gminna Komisja Rozwi\u0105zywania Problem\u00f3w Alkoholowych, Starostwo Powiatowe we W\u0142oszczowie, Firma inSPORTline Polska, Firma Budowlano \u2013 Handlowa DANIEL, Bank Sp\u00f3\u0142dzielczy we W\u0142oszczowie\/ o. Kluczewsko, Zesp\u00f3\u0142 Przedszkolno \u2013 Szkolny w Kluczewsku, \u201eNajlepsi Kibice czyli Rodzice\u201d.<\/strong><\/p>\nngg_shortcode_0_placeholder\n","protected":false},"excerpt":{"rendered":"<p>Dok\u0142adnie 31 stycznia 2023 roku min\u0105\u0142 rok od czasu kiedy swoj\u0105 oficjaln\u0105 dzia\u0142alno\u015b\u0107 rozpocz\u0105\u0142 Uczniowski Klub Sportowy LOLEK Kluczewsko. Przypomnijmy, \u017ce idea stworzenia w\/w klubu narodzi\u0142a si\u0119 z pocz\u0105tkiem Roku Szkolnego 2021\/22. Chcieli\u015bmy, aby nazwa naszego UKS-u by\u0142a \u015bci\u015ble powi\u0105zana z Patronem Szko\u0142y Podstawowej w Kluczewsku \u2013&nbsp; \u015awi\u0119tym Janem Paw\u0142em [&hellip;]<\/p>\n","protected":false},"author":2,"featured_media":7863,"comment_status":"open","ping_status":"open","sticky":false,"template":"","format":"standard","meta":{"ngg_post_thumbnail":0,"footnotes":""},"categories":[324],"tags":[],"class_list":["post-7862","post","type-post","status-publish","format-standard","has-post-thumbnail","hentry","category-aktualnosci"],"_links":{"self":[{"href":"https:\/\/spkluczewsko.pl\/index.php?rest_route=\/wp\/v2\/posts\/7862","targetHints":{"allow":["GET"]}}],"collection":[{"href":"https:\/\/spkluczewsko.pl\/index.php?rest_route=\/wp\/v2\/posts"}],"about":[{"href":"https:\/\/spkluczewsko.pl\/index.php?rest_route=\/wp\/v2\/types\/post"}],"author":[{"embeddable":true,"href":"https:\/\/spkluczewsko.pl\/index.php?rest_route=\/wp\/v2\/users\/2"}],"replies":[{"embeddable":true,"href":"https:\/\/spkluczewsko.pl\/index.php?rest_route=%2Fwp%2Fv2%2Fcomments&post=7862"}],"version-history":[{"count":1,"href":"https:\/\/spkluczewsko.pl\/index.php?rest_route=\/wp\/v2\/posts\/7862\/revisions"}],"predecessor-version":[{"id":7864,"href":"https:\/\/spkluczewsko.pl\/index.php?rest_route=\/wp\/v2\/posts\/7862\/revisions\/7864"}],"wp:featuredmedia":[{"embeddable":true,"href":"https:\/\/spkluczewsko.pl\/index.php?rest_route=\/wp\/v2\/media\/7863"}],"wp:attachment":[{"href":"https:\/\/spkluczewsko.pl\/index.php?rest_route=%2Fwp%2Fv2%2Fmedia&parent=7862"}],"wp:term":[{"taxonomy":"category","embeddable":true,"href":"https:\/\/spkluczewsko.pl\/index.php?rest_route=%2Fwp%2Fv2%2Fcategories&post=7862"},{"taxonomy":"post_tag","embeddable":true,"href":"https:\/\/spkluczewsko.pl\/index.php?rest_route=%2Fwp%2Fv2%2Ftags&post=7862"}],"curies":[{"name":"wp","href":"https:\/\/api.w.org\/{rel}","templated":true}]}}