{"id":7962,"date":"2023-02-24T18:43:14","date_gmt":"2023-02-24T17:43:14","guid":{"rendered":"http:\/\/spkluczewsko.pl\/?p=7962"},"modified":"2023-02-24T18:43:14","modified_gmt":"2023-02-24T17:43:14","slug":"dobry-wystep-naszych-minisiatkarzy-w-kinderach","status":"publish","type":"post","link":"https:\/\/spkluczewsko.pl\/?p=7962","title":{"rendered":"Dobry wyst\u0119p naszych Minisiatkarzy w \u201eKinderach\u201d"},"content":{"rendered":"<p style=\"text-align: justify;\">24 lutego w &nbsp;Skar\u017cysku Kamiennej &nbsp;nasi siatkarze rozegrali pierwszy wojew\u00f3dzki turniej eliminacyjny Og\u00f3lnopolskich Mistrzostw w Minisiatk\u00f3wce Kinder Joy Of Moving. &nbsp;Siatkarze UKS Lolek Kluczewsko rywalizowali w kategorii tr\u00f3jek i czw\u00f3rek.<\/p>\n<p style=\"text-align: justify;\">Do rywalizacji w \u201etr\u00f3jkach\u201d przyst\u0105pi\u0142o 11 zespo\u0142\u00f3w. Lolek Kluczewsko w sk\u0142adzie: Miko\u0142aj D\u0119bowski, Rafa\u0142 Majecki, Mi\u0142osz W\u0105sowicz, Mateusz Wicik w klasyfikacji ko\u0144cowej uplasowa\u0142 si\u0119 na <strong>VI miejscu<\/strong>.<\/p>\n<p style=\"text-align: justify;\">W \u201eczw\u00f3rkach\u201d&nbsp; rywalizowa\u0142o 8 zespo\u0142\u00f3w, a nasza dru\u017cyna w sk\u0142adzie: Bart\u0142omiej Cegie\u0142a, Sebastian Pytlos, Kaspian \u0141azarski, Eryk Ruci\u0144ski, Miko\u0142aj \u0141\u0105czek, Patryk Ruci\u0144ski zaj\u0119\u0142a <strong>V miejsce<\/strong>.<\/p>\n<p style=\"text-align: justify;\">Opiekunem zespo\u0142\u00f3w by\u0142a p. Beata B\u0105k<\/p>\n<p>Zdj\u0119cia <a href=\"https:\/\/www.facebook.com\/UKSLolekKluczewsko\/posts\/pfbid02FDCqCPLnRj6SM38Kr4mTdJLsyNaZi4sjgBLT3YpmYrS9cqnSKtQLQUYc7GeVhHrdl\">TUTAJ:<\/a><\/p>\n","protected":false},"excerpt":{"rendered":"<p>24 lutego w &nbsp;Skar\u017cysku Kamiennej &nbsp;nasi siatkarze rozegrali pierwszy wojew\u00f3dzki turniej eliminacyjny Og\u00f3lnopolskich Mistrzostw w Minisiatk\u00f3wce Kinder Joy Of Moving. &nbsp;Siatkarze UKS Lolek Kluczewsko rywalizowali w kategorii tr\u00f3jek i czw\u00f3rek. Do rywalizacji w \u201etr\u00f3jkach\u201d przyst\u0105pi\u0142o 11 zespo\u0142\u00f3w. Lolek Kluczewsko w sk\u0142adzie: Miko\u0142aj D\u0119bowski, Rafa\u0142 Majecki, Mi\u0142osz W\u0105sowicz, Mateusz Wicik w [&hellip;]<\/p>\n","protected":false},"author":2,"featured_media":7963,"comment_status":"open","ping_status":"open","sticky":false,"template":"","format":"standard","meta":{"ngg_post_thumbnail":0,"footnotes":""},"categories":[324],"tags":[],"class_list":["post-7962","post","type-post","status-publish","format-standard","has-post-thumbnail","hentry","category-aktualnosci"],"_links":{"self":[{"href":"https:\/\/spkluczewsko.pl\/index.php?rest_route=\/wp\/v2\/posts\/7962","targetHints":{"allow":["GET"]}}],"collection":[{"href":"https:\/\/spkluczewsko.pl\/index.php?rest_route=\/wp\/v2\/posts"}],"about":[{"href":"https:\/\/spkluczewsko.pl\/index.php?rest_route=\/wp\/v2\/types\/post"}],"author":[{"embeddable":true,"href":"https:\/\/spkluczewsko.pl\/index.php?rest_route=\/wp\/v2\/users\/2"}],"replies":[{"embeddable":true,"href":"https:\/\/spkluczewsko.pl\/index.php?rest_route=%2Fwp%2Fv2%2Fcomments&post=7962"}],"version-history":[{"count":1,"href":"https:\/\/spkluczewsko.pl\/index.php?rest_route=\/wp\/v2\/posts\/7962\/revisions"}],"predecessor-version":[{"id":7964,"href":"https:\/\/spkluczewsko.pl\/index.php?rest_route=\/wp\/v2\/posts\/7962\/revisions\/7964"}],"wp:featuredmedia":[{"embeddable":true,"href":"https:\/\/spkluczewsko.pl\/index.php?rest_route=\/wp\/v2\/media\/7963"}],"wp:attachment":[{"href":"https:\/\/spkluczewsko.pl\/index.php?rest_route=%2Fwp%2Fv2%2Fmedia&parent=7962"}],"wp:term":[{"taxonomy":"category","embeddable":true,"href":"https:\/\/spkluczewsko.pl\/index.php?rest_route=%2Fwp%2Fv2%2Fcategories&post=7962"},{"taxonomy":"post_tag","embeddable":true,"href":"https:\/\/spkluczewsko.pl\/index.php?rest_route=%2Fwp%2Fv2%2Ftags&post=7962"}],"curies":[{"name":"wp","href":"https:\/\/api.w.org\/{rel}","templated":true}]}}