{"id":8094,"date":"2023-03-08T21:49:29","date_gmt":"2023-03-08T20:49:29","guid":{"rendered":"http:\/\/spkluczewsko.pl\/?p=8094"},"modified":"2023-03-08T21:49:29","modified_gmt":"2023-03-08T20:49:29","slug":"minisiatkarki-sp-kluczewsko-wicemistrzyniami-wojewodztwa","status":"publish","type":"post","link":"https:\/\/spkluczewsko.pl\/?p=8094","title":{"rendered":"Minisiatkarki SP Kluczewsko Wicemistrzyniami Wojew\u00f3dztwa!!!"},"content":{"rendered":"<p>7 i 8 marca w Kielcach odby\u0142y si\u0119 <strong>Siatkarskie Mistrzostwa Szk\u00f3\u0142 Podstawowych Wojew\u00f3dztwa \u015awi\u0119tokrzyskiego dla uczni\u00f3w klas 4-6<\/strong>, kt\u00f3rych organizatorem by\u0142o <strong>\u015awi\u0119tokrzyskie Kuratorium O\u015bwiaty<\/strong> oraz <strong>Stowarzyszenie Sport CK<\/strong>. Patronat honorowy nad Mistrzostwami obj\u0119li: <strong>Minister Edukacji i Nauki, Minister Sportu i Turystki, Marsza\u0142ek Wojew\u00f3dztwa \u015awi\u0119tokrzyskiego, Wojewoda \u015awi\u0119tokrzyski<\/strong> oraz <strong>Prezydent Miasta Kielce.<\/strong><\/p>\n<p style=\"text-align: justify;\">Wspania\u0142\u0105 niespodziank\u0119 w Mistrzostwach sprawi\u0142y dziewczynki <strong>Szko\u0142y Podstawowej im. \u015aw. Jana Paw\u0142a II w Kluczewsku<\/strong>, kt\u00f3re zdoby\u0142y <strong>Wicemistrzostwo Wojew\u00f3dztwa \u015awi\u0119tokrzyskiego!<\/strong> Nasze Minisiatkarki nie by\u0142y faworytem, ale pokaza\u0142y wielki charakter, gra\u0142y bardzo r\u00f3wno i dopiero w wielkim finale musia\u0142y uzna\u0107 wy\u017cszo\u015b\u0107 kole\u017canek ze Szko\u0142y Podstawowej SOS nr 25 Kielce. Mecz po zaci\u0119tej walce sko\u0144czy\u0142 si\u0119 wynikiem 2:1 dla kielczanek. Wcze\u015bniej SP Kluczewsko pokona\u0142o SP nr 4 Sandomierz, SP Styk\u00f3w oraz SP nr 13 Skar\u017cysko Kamienna. W finale wojew\u00f3dzkim zagra\u0142o 14 zespo\u0142\u00f3w wy\u0142onionych w eliminacjach powiatowych, w kt\u00f3rych wzi\u0119\u0142y udzia\u0142 42 dru\u017cyny.<\/p>\n<p style=\"text-align: justify;\">W Mistrzostwach zagrali tak\u017ce ch\u0142opcy SP Kluczewsko, kt\u00f3rzy przetrzebieni chorobami dzielnie walczyli, ale musieli uzna\u0107 wy\u017cszo\u015b\u0107 swoich rywali w eliminacjach co sprawi\u0142o brak awansu do strefy medalowej.<\/p>\n<p style=\"text-align: justify;\">SP Kluczewsko w Mistrzostwach reprezentowali:<\/p>\n<p style=\"text-align: justify;\">Dziewczynki: <strong>Maja Ruci\u0144ska, Martyna Teklak, Olga Wi\u015bniewska, Zuzanna Oko\u0144, Lena Czarny Marsza\u0142ek, Lena Jasi\u0144ska.<\/strong> Opiekun \u2013 <strong>p. Tomasz D\u0119bowski<\/strong><\/p>\n<p style=\"text-align: justify;\">Ch\u0142opcy: <strong>Eryk Ruci\u0144ski, Sebastian Pytlos, Bart\u0142omiej Cegie\u0142a, Miko\u0142aj \u0141\u0105czek, Patryk Ruci\u0144ski.<\/strong> Opiekun \u2013 <strong>p. Beata B\u0105k<\/strong>.<\/p>\n<p>Zdj\u0119cia <a href=\"https:\/\/www.facebook.com\/ZPSKluczewsko\/posts\/pfbid02dnK9H65iGSSLM63Ztu79RPGYot4TkLtq9ELc9FK4QmPFYgQKTNjELmV5hJo26H6Ll\">TUTAJ:<\/a><\/p>\n","protected":false},"excerpt":{"rendered":"<p>7 i 8 marca w Kielcach odby\u0142y si\u0119 Siatkarskie Mistrzostwa Szk\u00f3\u0142 Podstawowych Wojew\u00f3dztwa \u015awi\u0119tokrzyskiego dla uczni\u00f3w klas 4-6, kt\u00f3rych organizatorem by\u0142o \u015awi\u0119tokrzyskie Kuratorium O\u015bwiaty oraz Stowarzyszenie Sport CK. Patronat honorowy nad Mistrzostwami obj\u0119li: Minister Edukacji i Nauki, Minister Sportu i Turystki, Marsza\u0142ek Wojew\u00f3dztwa \u015awi\u0119tokrzyskiego, Wojewoda \u015awi\u0119tokrzyski oraz Prezydent Miasta Kielce. [&hellip;]<\/p>\n","protected":false},"author":2,"featured_media":8095,"comment_status":"open","ping_status":"open","sticky":false,"template":"","format":"standard","meta":{"ngg_post_thumbnail":0,"footnotes":""},"categories":[324],"tags":[],"class_list":["post-8094","post","type-post","status-publish","format-standard","has-post-thumbnail","hentry","category-aktualnosci"],"_links":{"self":[{"href":"https:\/\/spkluczewsko.pl\/index.php?rest_route=\/wp\/v2\/posts\/8094","targetHints":{"allow":["GET"]}}],"collection":[{"href":"https:\/\/spkluczewsko.pl\/index.php?rest_route=\/wp\/v2\/posts"}],"about":[{"href":"https:\/\/spkluczewsko.pl\/index.php?rest_route=\/wp\/v2\/types\/post"}],"author":[{"embeddable":true,"href":"https:\/\/spkluczewsko.pl\/index.php?rest_route=\/wp\/v2\/users\/2"}],"replies":[{"embeddable":true,"href":"https:\/\/spkluczewsko.pl\/index.php?rest_route=%2Fwp%2Fv2%2Fcomments&post=8094"}],"version-history":[{"count":1,"href":"https:\/\/spkluczewsko.pl\/index.php?rest_route=\/wp\/v2\/posts\/8094\/revisions"}],"predecessor-version":[{"id":8096,"href":"https:\/\/spkluczewsko.pl\/index.php?rest_route=\/wp\/v2\/posts\/8094\/revisions\/8096"}],"wp:featuredmedia":[{"embeddable":true,"href":"https:\/\/spkluczewsko.pl\/index.php?rest_route=\/wp\/v2\/media\/8095"}],"wp:attachment":[{"href":"https:\/\/spkluczewsko.pl\/index.php?rest_route=%2Fwp%2Fv2%2Fmedia&parent=8094"}],"wp:term":[{"taxonomy":"category","embeddable":true,"href":"https:\/\/spkluczewsko.pl\/index.php?rest_route=%2Fwp%2Fv2%2Fcategories&post=8094"},{"taxonomy":"post_tag","embeddable":true,"href":"https:\/\/spkluczewsko.pl\/index.php?rest_route=%2Fwp%2Fv2%2Ftags&post=8094"}],"curies":[{"name":"wp","href":"https:\/\/api.w.org\/{rel}","templated":true}]}}