{"id":8271,"date":"2023-05-09T21:50:42","date_gmt":"2023-05-09T19:50:42","guid":{"rendered":"http:\/\/spkluczewsko.pl\/?p=8271"},"modified":"2023-05-09T21:50:42","modified_gmt":"2023-05-09T19:50:42","slug":"ix-swietokrzyska-miniolimpiada-w-kluczewsku","status":"publish","type":"post","link":"https:\/\/spkluczewsko.pl\/?p=8271","title":{"rendered":"IX \u015awi\u0119tokrzyska Miniolimpiada w Kluczewsku"},"content":{"rendered":"<p style=\"text-align: justify;\">W dniu dzisiejszym (09.05.) w hali sportowej w Kluczewsku odby\u0142 si\u0119 Turniej Gier i Zabaw Klas I-III w ramach IX \u015awi\u0119tokrzyskiej Miniolimpiady pod patronatem Marsza\u0142ka Wojew\u00f3dztwa \u015awi\u0119tokrzyskiego. W tym roku zmagania najm\u0142odszych sportowc\u00f3w odbywaj\u0105 si\u0119 w formie korespondencyjnej. Uczniowie poszczeg\u00f3lnych Szk\u00f3\u0142 rywalizuj\u0105 \u201ena w\u0142asnym podw\u00f3rku\u201d nast\u0119pnie ich czasy trafiaj\u0105 do Wojew\u00f3dzkiego Szkolnego Zwi\u0105zku Sportowego w Kielcach, kt\u00f3ry po analizie wszystkich wynik\u00f3w poinformuj\u0119 o klasyfikacji wojew\u00f3dzkiej.<\/p>\n<p style=\"text-align: justify;\">W Miniolimpiadzie bior\u0105 udzia\u0142 dziewczynki i ch\u0142opcy z klas I, II i III, kt\u00f3re w tym roku rywalizuj\u0105 w czterech konkurencjach: zak\u0142adanie k\u00f3\u0142ek ringo na pacho\u0142ki, torze przeszk\u00f3d, skokach z pi\u0142k\u0105 oraz biegu sztafetowym.<\/p>\n<p style=\"text-align: justify;\">Organizacja takich zawod\u00f3w dla tych dzieci jest wspania\u0142\u0105 inicjatyw\u0105. Uczestnicy od najm\u0142odszych lat ucz\u0105 si\u0119 idei Olimpizmu i rywalizacji w duchu Fair Play i \u015bwietnie si\u0119 przy tym bawi\u0105.<\/p>\n<p>Zdj\u0119cia <a href=\"https:\/\/www.facebook.com\/ZPSKluczewsko\/posts\/pfbid02iy1AP5gR58eDipLHva2HHKPwT8zVzEvXzL6zZb7iTWNX1TcdhR7kvG4v51qVJumyl\">TUTAJ:<\/a><\/p>\n","protected":false},"excerpt":{"rendered":"<p>W dniu dzisiejszym (09.05.) w hali sportowej w Kluczewsku odby\u0142 si\u0119 Turniej Gier i Zabaw Klas I-III w ramach IX \u015awi\u0119tokrzyskiej Miniolimpiady pod patronatem Marsza\u0142ka Wojew\u00f3dztwa \u015awi\u0119tokrzyskiego. W tym roku zmagania najm\u0142odszych sportowc\u00f3w odbywaj\u0105 si\u0119 w formie korespondencyjnej. Uczniowie poszczeg\u00f3lnych Szk\u00f3\u0142 rywalizuj\u0105 \u201ena w\u0142asnym podw\u00f3rku\u201d nast\u0119pnie ich czasy trafiaj\u0105 do [&hellip;]<\/p>\n","protected":false},"author":2,"featured_media":8272,"comment_status":"open","ping_status":"open","sticky":false,"template":"","format":"standard","meta":{"ngg_post_thumbnail":0,"footnotes":""},"categories":[324],"tags":[],"class_list":["post-8271","post","type-post","status-publish","format-standard","has-post-thumbnail","hentry","category-aktualnosci"],"_links":{"self":[{"href":"https:\/\/spkluczewsko.pl\/index.php?rest_route=\/wp\/v2\/posts\/8271","targetHints":{"allow":["GET"]}}],"collection":[{"href":"https:\/\/spkluczewsko.pl\/index.php?rest_route=\/wp\/v2\/posts"}],"about":[{"href":"https:\/\/spkluczewsko.pl\/index.php?rest_route=\/wp\/v2\/types\/post"}],"author":[{"embeddable":true,"href":"https:\/\/spkluczewsko.pl\/index.php?rest_route=\/wp\/v2\/users\/2"}],"replies":[{"embeddable":true,"href":"https:\/\/spkluczewsko.pl\/index.php?rest_route=%2Fwp%2Fv2%2Fcomments&post=8271"}],"version-history":[{"count":1,"href":"https:\/\/spkluczewsko.pl\/index.php?rest_route=\/wp\/v2\/posts\/8271\/revisions"}],"predecessor-version":[{"id":8273,"href":"https:\/\/spkluczewsko.pl\/index.php?rest_route=\/wp\/v2\/posts\/8271\/revisions\/8273"}],"wp:featuredmedia":[{"embeddable":true,"href":"https:\/\/spkluczewsko.pl\/index.php?rest_route=\/wp\/v2\/media\/8272"}],"wp:attachment":[{"href":"https:\/\/spkluczewsko.pl\/index.php?rest_route=%2Fwp%2Fv2%2Fmedia&parent=8271"}],"wp:term":[{"taxonomy":"category","embeddable":true,"href":"https:\/\/spkluczewsko.pl\/index.php?rest_route=%2Fwp%2Fv2%2Fcategories&post=8271"},{"taxonomy":"post_tag","embeddable":true,"href":"https:\/\/spkluczewsko.pl\/index.php?rest_route=%2Fwp%2Fv2%2Ftags&post=8271"}],"curies":[{"name":"wp","href":"https:\/\/api.w.org\/{rel}","templated":true}]}}