{"id":8274,"date":"2023-05-10T21:18:15","date_gmt":"2023-05-10T19:18:15","guid":{"rendered":"http:\/\/spkluczewsko.pl\/?p=8274"},"modified":"2023-05-10T21:18:15","modified_gmt":"2023-05-10T19:18:15","slug":"awans-do-finalu-wojewodzkiego","status":"publish","type":"post","link":"https:\/\/spkluczewsko.pl\/?p=8274","title":{"rendered":"Awans do Fina\u0142u Wojew\u00f3dzkiego!!!"},"content":{"rendered":"<p style=\"text-align: justify;\">8 i 10 maja w Hali Sportowej OSiR we W\u0142oszczowie odby\u0142y si\u0119 P\u00f3\u0142fina\u0142y Wojew\u00f3dzkie w Pi\u0142ce Siatkowej Ch\u0142opc\u00f3w i Dziewcz\u0105t \u2013 Igrzyska M\u0142odzie\u017cy (Rocznik 2008-2009).<\/p>\n<p style=\"text-align: justify;\">W kategorii Dziewcz\u0105t w zawodach zagra\u0142y 4 zespo\u0142y: SP Kluczewsko, SP Dobromierz, SP Secemin i SP Piekosz\u00f3w. Grano systemem \u201eka\u017cdy z ka\u017cdym\u201d Nasze dziewczyny wygra\u0142y wszystkie mecze <strong>2:0<\/strong> i tym samym awansowa\u0142y do <strong>Fina\u0142u Wojew\u00f3dzkiego,<\/strong> kt\u00f3ry odb\u0119dzie si\u0119 16 maja w Ostrowcu \u015awi\u0119tokrzyskim.<\/p>\n<p style=\"text-align: justify;\">W turnieju&nbsp; ch\u0142opc\u00f3w zagra\u0142o 6 zespo\u0142\u00f3w: SP Kluczewsko, SP Nr 2 W\u0142oszczowa, SP Secemin, SP Dobromierz, SP Piekosz\u00f3w, SP Pilczyca. Grano w dw\u00f3ch grupach systemem \u201eka\u017cdy z ka\u017cdym\u201d do dw\u00f3ch wygranych set\u00f3w.<\/p>\n<p style=\"text-align: justify;\">Wyniki poszczeg\u00f3lnych mecz\u00f3w w grupie przedstawiaj\u0105 si\u0119 nast\u0119puj\u0105co: <strong>Kluczewsko \u2013 Piekosz\u00f3w 2:0, Kluczewsko \u2013 Radoszyce 2:0<\/strong>, <strong>Kluczewsko \u2013 Secemin 1:2<\/strong>, w kolejnych meczach Kluczewsko uleg\u0142o dru\u017cynie z Dobromierza i W\u0142oszczowy przegrywaj\u0105c 0:2.<\/p>\n<p style=\"text-align: justify;\">Klasyfikacja ko\u0144cowa turnieju: 1. SP Dobromierz, 2 SP Secemin. 3. SP Nr 2 W\u0142oszczowa, 4. <strong>SP Kluczewsko<\/strong>, 5. SP Pilczyca, 6. SP Radoszyce.<\/p>\n<p style=\"text-align: justify;\">Zespo\u0142y Szko\u0142y Podstawowej im. \u015aw. Jana Paw\u0142a II w Kluczewsku zagra\u0142y w nast\u0119puj\u0105cych sk\u0142adach:<\/p>\n<p style=\"text-align: justify;\">Dziewcz\u0119ta: <strong>Amelia Jo\u0144czyk, Emilia Dobrowolska, Kinga Czai\u0144ska, Amelia Pura, Daria Barabasz, Aleksandra Jandu\u0142a, Ewelina \u015apiechowicz, Marta Borkowska.<\/strong> Opiekun \u2013 <strong>p. Beata B\u0105k<\/strong><\/p>\n<p style=\"text-align: justify;\">Ch\u0142opcy: <strong>Mateusz Czai\u0144ski, Mi\u0142osz Domoradzki, Piotr \u0141awi\u0144ski, Nataniel Borkowski, Kacper Pura, Igor Szczukocki. <\/strong>Opiekun \u2013 <strong>p. Beata B\u0105k.<\/strong><\/p>\n<p style=\"text-align: justify;\">Gratulujemy naszym dziewczynom awansu do Fina\u0142u Wojew\u00f3dzkiego. Przypomnijmy, \u017ce w analogicznym turnieju tylko w kategorii Igrzyska Dzieci zagraj\u0105 Minisiatkarki i Minisiatkarze naszej Szko\u0142y. Oba fina\u0142y odb\u0119d\u0105 si\u0119 w Kluczewsku (19.05. \u2013 ch\u0142opcy i 22.05 \u2013 dziewcz\u0119ta).<\/p>\n<p style=\"text-align: right;\">Trzymamy kciuki<\/p>\n<p>Zdj\u0119cia <a href=\"https:\/\/www.facebook.com\/ZPSKluczewsko\/posts\/pfbid028PoC98db7tXE82Xj1LgpUkAZv3QDhHZ9nUmbXc2CRdLzXAoxKG5eyRXmZobAnfTpl\">TUTAJ:<\/a><\/p>\n","protected":false},"excerpt":{"rendered":"<p>8 i 10 maja w Hali Sportowej OSiR we W\u0142oszczowie odby\u0142y si\u0119 P\u00f3\u0142fina\u0142y Wojew\u00f3dzkie w Pi\u0142ce Siatkowej Ch\u0142opc\u00f3w i Dziewcz\u0105t \u2013 Igrzyska M\u0142odzie\u017cy (Rocznik 2008-2009). W kategorii Dziewcz\u0105t w zawodach zagra\u0142y 4 zespo\u0142y: SP Kluczewsko, SP Dobromierz, SP Secemin i SP Piekosz\u00f3w. Grano systemem \u201eka\u017cdy z ka\u017cdym\u201d Nasze dziewczyny wygra\u0142y [&hellip;]<\/p>\n","protected":false},"author":2,"featured_media":8275,"comment_status":"open","ping_status":"open","sticky":false,"template":"","format":"standard","meta":{"ngg_post_thumbnail":0,"footnotes":""},"categories":[324],"tags":[],"class_list":["post-8274","post","type-post","status-publish","format-standard","has-post-thumbnail","hentry","category-aktualnosci"],"_links":{"self":[{"href":"https:\/\/spkluczewsko.pl\/index.php?rest_route=\/wp\/v2\/posts\/8274","targetHints":{"allow":["GET"]}}],"collection":[{"href":"https:\/\/spkluczewsko.pl\/index.php?rest_route=\/wp\/v2\/posts"}],"about":[{"href":"https:\/\/spkluczewsko.pl\/index.php?rest_route=\/wp\/v2\/types\/post"}],"author":[{"embeddable":true,"href":"https:\/\/spkluczewsko.pl\/index.php?rest_route=\/wp\/v2\/users\/2"}],"replies":[{"embeddable":true,"href":"https:\/\/spkluczewsko.pl\/index.php?rest_route=%2Fwp%2Fv2%2Fcomments&post=8274"}],"version-history":[{"count":1,"href":"https:\/\/spkluczewsko.pl\/index.php?rest_route=\/wp\/v2\/posts\/8274\/revisions"}],"predecessor-version":[{"id":8276,"href":"https:\/\/spkluczewsko.pl\/index.php?rest_route=\/wp\/v2\/posts\/8274\/revisions\/8276"}],"wp:featuredmedia":[{"embeddable":true,"href":"https:\/\/spkluczewsko.pl\/index.php?rest_route=\/wp\/v2\/media\/8275"}],"wp:attachment":[{"href":"https:\/\/spkluczewsko.pl\/index.php?rest_route=%2Fwp%2Fv2%2Fmedia&parent=8274"}],"wp:term":[{"taxonomy":"category","embeddable":true,"href":"https:\/\/spkluczewsko.pl\/index.php?rest_route=%2Fwp%2Fv2%2Fcategories&post=8274"},{"taxonomy":"post_tag","embeddable":true,"href":"https:\/\/spkluczewsko.pl\/index.php?rest_route=%2Fwp%2Fv2%2Ftags&post=8274"}],"curies":[{"name":"wp","href":"https:\/\/api.w.org\/{rel}","templated":true}]}}