{"id":8280,"date":"2023-05-12T10:42:26","date_gmt":"2023-05-12T08:42:26","guid":{"rendered":"http:\/\/spkluczewsko.pl\/?p=8280"},"modified":"2023-05-12T11:52:19","modified_gmt":"2023-05-12T09:52:19","slug":"siatkarki-lolka-kluczewsko-na-olimpiadzie","status":"publish","type":"post","link":"https:\/\/spkluczewsko.pl\/?p=8280","title":{"rendered":"Siatkarki Lolka Kluczewsko na Olimpiadzie"},"content":{"rendered":"<p style=\"text-align: justify;\">Niezmiernie mi\u0142o nam jest poinformowa\u0107, \u017ce 2 siatkarki <strong>Uczniowskiego Klubu Sportowego LOLEK Kluczewsko: Amelia Jo\u0144czyk i Emilia Dobrowolska <\/strong>otrzyma\u0142y powo\u0142anie do <strong>Kadry Wojew\u00f3dztwa \u015awi\u0119tokrzyskiego<\/strong> w Pi\u0142ce Siatkowej (Rocznik 2009) i b\u0119d\u0105 reprezentowa\u0107 nasze Wojew\u00f3dztwo, Powiat i Gmin\u0119 w <strong>XXIX Og\u00f3lnopolskiej Olimpiadzie M\u0142odzie\u017cy w Sportach Halowych<\/strong>, kt\u00f3ra odbywa si\u0119 w dniach 11-14. 05. w <strong>Policach w wojew\u00f3dztwie zachodniopomorskim<\/strong>.<\/p>\n<p style=\"text-align: justify;\">Cieszymy si\u0119 ogromnie, \u017ce koordynatorzy wojew\u00f3dzcy doceniaj\u0105 prac\u0119 naszego klubu i regularnie powo\u0142uj\u0105 zawodniczki Lolka Kluczewsko do kadr w r\u00f3\u017cnych kategoriach wiekowych.<\/p>\n<p style=\"text-align: justify;\">Przypomnijmy, \u017ce Amelka i Emilka to nie pierwsze zawodniczki z naszego klubu, kt\u00f3re zagraj\u0105 w Olimpiadzie M\u0142odzie\u017cy. W roku 2020 zaszczytu reprezentowania naszego wojew\u00f3dztwa w tej wspania\u0142ej imprezie dost\u0105pi\u0142y Wiktoria \u0141\u0119cka i Amelia Mazur.<\/p>\n<p style=\"text-align: justify;\">Naszym dziewczynom serdecznie gratulujemy powo\u0142ania i \u017cyczymy wielu sukces\u00f3w.<\/p>\n<p>Zdj\u0119cia <a href=\"https:\/\/www.facebook.com\/UKSLolekKluczewsko\/posts\/pfbid0T9CpW2M1r4uFvMjoseRuEZGP8hbvP87ZuFn5DequbVcSYaEPFGxhy8QuStEFSxsGl\">TUTAJ:<\/a><\/p>\n","protected":false},"excerpt":{"rendered":"<p>Niezmiernie mi\u0142o nam jest poinformowa\u0107, \u017ce 2 siatkarki Uczniowskiego Klubu Sportowego LOLEK Kluczewsko: Amelia Jo\u0144czyk i Emilia Dobrowolska otrzyma\u0142y powo\u0142anie do Kadry Wojew\u00f3dztwa \u015awi\u0119tokrzyskiego w Pi\u0142ce Siatkowej (Rocznik 2009) i b\u0119d\u0105 reprezentowa\u0107 nasze Wojew\u00f3dztwo, Powiat i Gmin\u0119 w XXIX Og\u00f3lnopolskiej Olimpiadzie M\u0142odzie\u017cy w Sportach Halowych, kt\u00f3ra odbywa si\u0119 w dniach [&hellip;]<\/p>\n","protected":false},"author":2,"featured_media":8283,"comment_status":"open","ping_status":"open","sticky":false,"template":"","format":"standard","meta":{"ngg_post_thumbnail":0,"footnotes":""},"categories":[324],"tags":[],"class_list":["post-8280","post","type-post","status-publish","format-standard","has-post-thumbnail","hentry","category-aktualnosci"],"_links":{"self":[{"href":"https:\/\/spkluczewsko.pl\/index.php?rest_route=\/wp\/v2\/posts\/8280","targetHints":{"allow":["GET"]}}],"collection":[{"href":"https:\/\/spkluczewsko.pl\/index.php?rest_route=\/wp\/v2\/posts"}],"about":[{"href":"https:\/\/spkluczewsko.pl\/index.php?rest_route=\/wp\/v2\/types\/post"}],"author":[{"embeddable":true,"href":"https:\/\/spkluczewsko.pl\/index.php?rest_route=\/wp\/v2\/users\/2"}],"replies":[{"embeddable":true,"href":"https:\/\/spkluczewsko.pl\/index.php?rest_route=%2Fwp%2Fv2%2Fcomments&post=8280"}],"version-history":[{"count":2,"href":"https:\/\/spkluczewsko.pl\/index.php?rest_route=\/wp\/v2\/posts\/8280\/revisions"}],"predecessor-version":[{"id":8284,"href":"https:\/\/spkluczewsko.pl\/index.php?rest_route=\/wp\/v2\/posts\/8280\/revisions\/8284"}],"wp:featuredmedia":[{"embeddable":true,"href":"https:\/\/spkluczewsko.pl\/index.php?rest_route=\/wp\/v2\/media\/8283"}],"wp:attachment":[{"href":"https:\/\/spkluczewsko.pl\/index.php?rest_route=%2Fwp%2Fv2%2Fmedia&parent=8280"}],"wp:term":[{"taxonomy":"category","embeddable":true,"href":"https:\/\/spkluczewsko.pl\/index.php?rest_route=%2Fwp%2Fv2%2Fcategories&post=8280"},{"taxonomy":"post_tag","embeddable":true,"href":"https:\/\/spkluczewsko.pl\/index.php?rest_route=%2Fwp%2Fv2%2Ftags&post=8280"}],"curies":[{"name":"wp","href":"https:\/\/api.w.org\/{rel}","templated":true}]}}