{"id":8290,"date":"2023-05-17T09:02:52","date_gmt":"2023-05-17T07:02:52","guid":{"rendered":"http:\/\/spkluczewsko.pl\/?p=8290"},"modified":"2023-05-17T09:02:52","modified_gmt":"2023-05-17T07:02:52","slug":"zosia-zawisza-z-powolaniem-do-kadry-regionu","status":"publish","type":"post","link":"https:\/\/spkluczewsko.pl\/?p=8290","title":{"rendered":"Zosia Zawisza z powo\u0142aniem do Kadry Regionu!"},"content":{"rendered":"<p style=\"text-align: justify;\">Uwielbiamy takie informacje!<\/p>\n<p style=\"text-align: justify;\">Siatkarka UKS Lolek Kluczewsko \u2013 <strong>Zofia Zawisza<\/strong> otrzyma\u0142a powo\u0142anie na Konsultacje Regionalne, kt\u00f3re s\u0105 jednym z etap\u00f3w naborowo &#8211; selekcyjnych do <strong>Kadry Polski U-13.<\/strong><\/p>\n<p style=\"text-align: justify;\">Konsultacje Regionalne stanowi\u0105 element naboru i selekcji uzdolnionej m\u0142odzie\u017cy w kontek\u015bcie szkolenia przysz\u0142ych reprezentant\u00f3w i reprezentantek Polski w siatk\u00f3wce halowej.<\/p>\n<p style=\"text-align: justify;\">Konsultacje b\u0119d\u0105 si\u0119 odbywa\u0107 przez trzy dni (18-20.05.) w Kielcach.<\/p>\n<p style=\"text-align: right;\">Brawo Zosia!<\/p>\n<p style=\"text-align: center;\"><img fetchpriority=\"high\" decoding=\"async\" class=\"alignnone size-full wp-image-8291\" src=\"https:\/\/spkluczewsko.pl\/wp-content\/uploads\/2023\/05\/Kadra-Zosia.jpg\" alt=\"\" width=\"430\" height=\"590\" srcset=\"https:\/\/spkluczewsko.pl\/wp-content\/uploads\/2023\/05\/Kadra-Zosia.jpg 430w, https:\/\/spkluczewsko.pl\/wp-content\/uploads\/2023\/05\/Kadra-Zosia-219x300.jpg 219w\" sizes=\"(max-width: 430px) 100vw, 430px\" \/><\/p>\n","protected":false},"excerpt":{"rendered":"<p>Uwielbiamy takie informacje! Siatkarka UKS Lolek Kluczewsko \u2013 Zofia Zawisza otrzyma\u0142a powo\u0142anie na Konsultacje Regionalne, kt\u00f3re s\u0105 jednym z etap\u00f3w naborowo &#8211; selekcyjnych do Kadry Polski U-13. Konsultacje Regionalne stanowi\u0105 element naboru i selekcji uzdolnionej m\u0142odzie\u017cy w kontek\u015bcie szkolenia przysz\u0142ych reprezentant\u00f3w i reprezentantek Polski w siatk\u00f3wce halowej. Konsultacje b\u0119d\u0105 si\u0119 [&hellip;]<\/p>\n","protected":false},"author":2,"featured_media":8292,"comment_status":"open","ping_status":"open","sticky":false,"template":"","format":"standard","meta":{"ngg_post_thumbnail":0,"footnotes":""},"categories":[324],"tags":[],"class_list":["post-8290","post","type-post","status-publish","format-standard","has-post-thumbnail","hentry","category-aktualnosci"],"_links":{"self":[{"href":"https:\/\/spkluczewsko.pl\/index.php?rest_route=\/wp\/v2\/posts\/8290","targetHints":{"allow":["GET"]}}],"collection":[{"href":"https:\/\/spkluczewsko.pl\/index.php?rest_route=\/wp\/v2\/posts"}],"about":[{"href":"https:\/\/spkluczewsko.pl\/index.php?rest_route=\/wp\/v2\/types\/post"}],"author":[{"embeddable":true,"href":"https:\/\/spkluczewsko.pl\/index.php?rest_route=\/wp\/v2\/users\/2"}],"replies":[{"embeddable":true,"href":"https:\/\/spkluczewsko.pl\/index.php?rest_route=%2Fwp%2Fv2%2Fcomments&post=8290"}],"version-history":[{"count":1,"href":"https:\/\/spkluczewsko.pl\/index.php?rest_route=\/wp\/v2\/posts\/8290\/revisions"}],"predecessor-version":[{"id":8293,"href":"https:\/\/spkluczewsko.pl\/index.php?rest_route=\/wp\/v2\/posts\/8290\/revisions\/8293"}],"wp:featuredmedia":[{"embeddable":true,"href":"https:\/\/spkluczewsko.pl\/index.php?rest_route=\/wp\/v2\/media\/8292"}],"wp:attachment":[{"href":"https:\/\/spkluczewsko.pl\/index.php?rest_route=%2Fwp%2Fv2%2Fmedia&parent=8290"}],"wp:term":[{"taxonomy":"category","embeddable":true,"href":"https:\/\/spkluczewsko.pl\/index.php?rest_route=%2Fwp%2Fv2%2Fcategories&post=8290"},{"taxonomy":"post_tag","embeddable":true,"href":"https:\/\/spkluczewsko.pl\/index.php?rest_route=%2Fwp%2Fv2%2Ftags&post=8290"}],"curies":[{"name":"wp","href":"https:\/\/api.w.org\/{rel}","templated":true}]}}