{"id":8304,"date":"2023-05-22T21:52:51","date_gmt":"2023-05-22T19:52:51","guid":{"rendered":"http:\/\/spkluczewsko.pl\/?p=8304"},"modified":"2023-05-22T21:52:51","modified_gmt":"2023-05-22T19:52:51","slug":"trzeci-final-wojewodzki-i-trzeci-medal-coz-za-seria","status":"publish","type":"post","link":"https:\/\/spkluczewsko.pl\/?p=8304","title":{"rendered":"Trzeci Fina\u0142 Wojew\u00f3dzki i trzeci medal. C\u00f3\u017c za seria!"},"content":{"rendered":"<p style=\"text-align: justify;\">22 maja w hali sportowej w Kluczewsku odby\u0142 si\u0119 <strong>Fina\u0142 Wojew\u00f3dzki w Minisiatk\u00f3wce Dziewcz\u0105t \u2013 Igrzyska Dzieci.<\/strong> \u015awietne \u2013 III miejsce wywalczy\u0142y w nim dziewcz\u0119ta z naszej Szko\u0142y. Dziewczyny do\u0142\u0105czy\u0142y tym samym do swoich starszych kole\u017canek (br\u0105zowy medal Igrzysk M\u0142odzie\u017cy Szkolnej) oraz swoich koleg\u00f3w (br\u0105zowy medal Igrzysk Dzieci). Zdobycie <strong>trzech medali Mistrzostw Wojew\u00f3dztwa<\/strong> w r\u00f3\u017cnych kategoriach jest wspania\u0142ym wyczynem sportowc\u00f3w <strong>SP Kluczewsko<\/strong>, kt\u00f3ry w historii naszej szko\u0142y zdarzy\u0142 si\u0119 po raz pierwszy w historii.<\/p>\n<p style=\"text-align: justify;\">W turnieju fina\u0142owym zagra\u0142o 8 najlepszych dru\u017cyn z Wojew\u00f3dztwa \u015awi\u0119tokrzyskiego wy\u0142onionych we wcze\u015bniejszych p\u00f3\u0142fina\u0142ach. Uczestnik\u00f3w podzielono na trzy grupy: \u201eA\u201d: SP Kluczewsko, SP nr 2 Stasz\u00f3w, SP Bodzentyn; \u201eB\u201d: SP 25 Kielce, SP Dzieba\u0142t\u00f3w, SP \u0141ag\u00f3w; \u201eC\u201d: SP nr 2 W\u0142oszczowa, SP Chobrzany.<\/p>\n<p style=\"text-align: justify;\">Wyniki mecz\u00f3w grupowych SP Kluczewsko przedstawiaj\u0105 si\u0119 nast\u0119puj\u0105co: <strong>SP Kluczewsko \u2013 SP Bodzentyn 2:0, SP Kluczewsko \u2013 SP nr 2 Stasz\u00f3w 2:0.<\/strong> Wyniki fazy fina\u0142owej (miejsca 1-3): <strong>SP Kluczewsko \u2013 SP nr 2 W\u0142oszczowa 0:2<\/strong>, SP nr 2 W\u0142oszczowa \u2013 SP 25 Kielce 2:1, <strong>SP Kluczewsko \u2013 SP nr 25 Kielce 0:2.<\/strong><\/p>\n<p style=\"text-align: justify;\">Klasyfikacja ko\u0144cowa turnieju: 1. SP nr 2 W\u0142oszczowa, 2. SP nr 25 Kielce, <strong>3. SP Kluczewsko<\/strong>, 4. SP Chobrzany, 5. SP Dzieba\u0142t\u00f3w, 6. SP nr 2 Stasz\u00f3w, 7. SP Bodzentyn, 8. SP \u0141ag\u00f3w.<\/p>\n<p style=\"text-align: justify;\">Jedn\u0105 z trzech Najlepszych Zawodniczek Mistrzostw zosta\u0142a uznana <strong>Nikola Borciuch<\/strong> (SP Kluczewsko).<\/p>\n<p style=\"text-align: justify;\">SP Kluczewsko zagra\u0142o w sk\u0142adzie: <strong><em>Martyna Teklak (kpt.), Maja Ruci\u0144ska, Zuzanna Oko\u0144, Ma\u0142gorzata Gacek, Wiktoria Karolczyk, Nikola Borciuch, Lena Jasi\u0144ska, Olga Wi\u015bniewska, Wirginia Adamus, Lena Czarny Marsza\u0142ek.<\/em><\/strong> Opiekun \u2013 <strong><em>p. Tomasz D\u0119bowski<\/em><\/strong><\/p>\n<p style=\"text-align: justify;\">Przypomnijmy, \u017ce dla Szko\u0142y Podstawowej&nbsp; z Kluczewska jest to si\u00f3dmy medal z rz\u0119du je\u015bli chodzi o Fina\u0142y Mistrzostw Wojew\u00f3dztwa w Minisiatk\u00f3wce (w roku 2020 i 2021 mistrzostwa nie odby\u0142y si\u0119 z powodu pandemii)&nbsp; W 2015 zdoby\u0142y br\u0105z, w 2016 \u2013 z\u0142oto, w 2017 \u2013 srebro, w 2018 \u2013 srebro, 2019 \u2013 z\u0142oto, 2022 \u2013 srebro i w 2023 br\u0105z!!! Kluczewianki maj\u0105 tak\u017ce za sob\u0105 3 wyst\u0119py w Szkolnych Mistrzostwach Polski. W 2016 roku zaj\u0119\u0142y XV miejsce, w 2017 \u2013 VII miejsce, a w 2019 \u2013 XI miejsce.<\/p>\n<p style=\"text-align: justify;\">P.S. Dzi\u0119kujemy wszystkim dru\u017cynom za przybycie na Mistrzostwa i za mi\u0142e s\u0142owa pod wzgl\u0119dem organizacji. Cieszymy si\u0119 niezmiernie, \u017ce w ostatnich latach Kluczewsko staje si\u0119 prawdziw\u0105 &#8222;\u015awi\u0105tyni\u0105&#8221; Minisiatk\u00f3wki, gdzie odbywaj\u0105 si\u0119 najwa\u017cniejsze imprezy siatkarskie rangi Mistrzostw Wojew\u00f3dztwa oraz turnieje Og\u00f3lnopolskie. Na pewno jest to super promocja naszej wspania\u0142ej miejscowo\u015bci. Jeszcze raz dzi\u0119kujemy.<\/p>\n<p>Zdj\u0119cia <a href=\"https:\/\/www.facebook.com\/ZPSKluczewsko\/posts\/pfbid02UUkNuzGFJuzvoqyq5mZAgSPhtEKUM7SNEshw5dou9aC8dj9oSMr82hZkP4j7oX8Zl\">TUTAJ:<\/a><\/p>\n","protected":false},"excerpt":{"rendered":"<p>22 maja w hali sportowej w Kluczewsku odby\u0142 si\u0119 Fina\u0142 Wojew\u00f3dzki w Minisiatk\u00f3wce Dziewcz\u0105t \u2013 Igrzyska Dzieci. \u015awietne \u2013 III miejsce wywalczy\u0142y w nim dziewcz\u0119ta z naszej Szko\u0142y. Dziewczyny do\u0142\u0105czy\u0142y tym samym do swoich starszych kole\u017canek (br\u0105zowy medal Igrzysk M\u0142odzie\u017cy Szkolnej) oraz swoich koleg\u00f3w (br\u0105zowy medal Igrzysk Dzieci). Zdobycie trzech [&hellip;]<\/p>\n","protected":false},"author":2,"featured_media":8305,"comment_status":"open","ping_status":"open","sticky":false,"template":"","format":"standard","meta":{"ngg_post_thumbnail":0,"footnotes":""},"categories":[324],"tags":[],"class_list":["post-8304","post","type-post","status-publish","format-standard","has-post-thumbnail","hentry","category-aktualnosci"],"_links":{"self":[{"href":"https:\/\/spkluczewsko.pl\/index.php?rest_route=\/wp\/v2\/posts\/8304","targetHints":{"allow":["GET"]}}],"collection":[{"href":"https:\/\/spkluczewsko.pl\/index.php?rest_route=\/wp\/v2\/posts"}],"about":[{"href":"https:\/\/spkluczewsko.pl\/index.php?rest_route=\/wp\/v2\/types\/post"}],"author":[{"embeddable":true,"href":"https:\/\/spkluczewsko.pl\/index.php?rest_route=\/wp\/v2\/users\/2"}],"replies":[{"embeddable":true,"href":"https:\/\/spkluczewsko.pl\/index.php?rest_route=%2Fwp%2Fv2%2Fcomments&post=8304"}],"version-history":[{"count":1,"href":"https:\/\/spkluczewsko.pl\/index.php?rest_route=\/wp\/v2\/posts\/8304\/revisions"}],"predecessor-version":[{"id":8306,"href":"https:\/\/spkluczewsko.pl\/index.php?rest_route=\/wp\/v2\/posts\/8304\/revisions\/8306"}],"wp:featuredmedia":[{"embeddable":true,"href":"https:\/\/spkluczewsko.pl\/index.php?rest_route=\/wp\/v2\/media\/8305"}],"wp:attachment":[{"href":"https:\/\/spkluczewsko.pl\/index.php?rest_route=%2Fwp%2Fv2%2Fmedia&parent=8304"}],"wp:term":[{"taxonomy":"category","embeddable":true,"href":"https:\/\/spkluczewsko.pl\/index.php?rest_route=%2Fwp%2Fv2%2Fcategories&post=8304"},{"taxonomy":"post_tag","embeddable":true,"href":"https:\/\/spkluczewsko.pl\/index.php?rest_route=%2Fwp%2Fv2%2Ftags&post=8304"}],"curies":[{"name":"wp","href":"https:\/\/api.w.org\/{rel}","templated":true}]}}