{"id":8340,"date":"2023-06-03T18:33:19","date_gmt":"2023-06-03T16:33:19","guid":{"rendered":"http:\/\/spkluczewsko.pl\/?p=8340"},"modified":"2023-06-03T18:33:19","modified_gmt":"2023-06-03T16:33:19","slug":"braz-minisiatkarek-lolka-w-historycznym-sezonie-ligi-czworek","status":"publish","type":"post","link":"https:\/\/spkluczewsko.pl\/?p=8340","title":{"rendered":"Br\u0105z Minisiatkarek Lolka w historycznym sezonie Ligi Czw\u00f3rek!"},"content":{"rendered":"<p style=\"text-align: justify;\">3 czerwca w Ostrowcu \u015awi\u0119tokrzyskim odby\u0142 si\u0119 <strong>Wielki Fina\u0142<\/strong> historycznego pierwszego sezonu Ligi Czw\u00f3rek \u2013 <strong>\u201e\u015awi\u0119tokrzyskie Czw\u00f3rki\u201d.<\/strong> W zmaganiach ligowych wystartowa\u0142o 21 zespo\u0142\u00f3w, w tym trzy zespo\u0142y UKS Lolek Kluczewsko. Nasze dru\u017cyny mocno zaznaczy\u0142y sw\u00f3j udzia\u0142 w turnieju, o czym \u015bwiadczy <strong>III Miejsce i Br\u0105zowe Medale<\/strong> naszego pierwszego zespo\u0142u. Lolek II Kluczewsko zaj\u0105\u0142 XI miejsce natomiast Lolek III Kluczewsko \u2013 XVI.<\/p>\n<p style=\"text-align: justify;\">Fajnie, \u017ce w \u015awi\u0119tokrzyskim Zwi\u0105zku Pi\u0142ki Siatkowej powsta\u0142a inicjatywa zorganizowania tego typu zawod\u00f3w. Dzi\u0119ki temu najm\u0142odsze adeptki minisiatk\u00f3wki mia\u0142y okazj\u0119 porywalizowa\u0107 w 4 turniejach ligowych i rozwija\u0107 swoje umiej\u0119tno\u015bci oraz nawi\u0105zywa\u0107 nowe przyja\u017anie.<\/p>\n<p style=\"text-align: justify;\">Podczas uroczystego Fina\u0142u czo\u0142owe dru\u017cyny z r\u0105k przedstawicieli \u015aZPS zosta\u0142y uhonorowane pami\u0105tkowymi pucharami i medalami. Wszyscy uczestnicy otrzymali dyplomy i okazjonalne upominki.<\/p>\n<p style=\"text-align: justify;\">Klasyfikacja ko\u0144cowa \u015awi\u0119tokrzyskiej Ligi Czw\u00f3rek \u2013 Sezon 2022\/2023:<\/p>\n<ol>\n<li>MUKS Jedynka Ostrowiec \u015awi\u0119tokrzyski I<\/li>\n<li>MKS Gala Skar\u017cysko Kamienna I<\/li>\n<li><strong>UKS Lolek Kluczewsko I (Martyna Teklak, Maja Ruci\u0144ska, Emilia Sza\u0142a\u0144ska, Monika Mazurek)<\/strong><\/li>\n<li>Volley Stars Ostrowiec \u015awi\u0119tokrzyski<\/li>\n<li>Victoria W\u0142oszczowa III<\/li>\n<li>Victoria W\u0142oszczowa I<\/li>\n<li>MUKS Jedynka Ostrowiec \u015awi\u0119tokrzyski II<\/li>\n<li>OKS Volley Opat\u00f3w I<\/li>\n<li>Victoria W\u0142oszczowa II<\/li>\n<li>ULKS Chobrzany<\/li>\n<li><strong>UKS Lolek Kluczewsko II (Lena Jasi\u0144ska, Zuzanna Oko\u0144, Lena Czarny Marsza\u0142ek, Aleksandra Rak, Julia Gaj)<\/strong><\/li>\n<li>Salos Cortile Kielce<\/li>\n<li>MKS Gala Skar\u017cysko Kamienna II<\/li>\n<li>FUN Sport Kielce I<\/li>\n<li>MUKS Pi\u0105tka Sandomierz I<\/li>\n<li><strong>UKS Lolek Kluczewsko III (Zofia Zawisza, Nikola Borciuch, Wiktoria Karolczyk, Wirginia Adamus, Zuzanna Barczy\u0144ska)<\/strong><\/li>\n<li>Volley Stars Ostrowiec \u015awi\u0119tokrzyski II<\/li>\n<li>FUN Sport Kielce II<\/li>\n<li>OKS Volley Opat\u00f3w II<\/li>\n<li>Volley Stars Ostrowiec \u015awi\u0119tokrzyski III<\/li>\n<li>MUKS Pi\u0105tka Sandomierz II<\/li>\n<\/ol>\n<p>Zdj\u0119cia <a href=\"https:\/\/www.facebook.com\/UKSLolekKluczewsko\/posts\/pfbid02Qdy2xJqcsSwL8BT6cL5zTRhDjWYqjcKxhj8xt8jP2ttxiqntG6HEPSaTXBBJGAyXl\">TUTAJ:<\/a><\/p>\n","protected":false},"excerpt":{"rendered":"<p>3 czerwca w Ostrowcu \u015awi\u0119tokrzyskim odby\u0142 si\u0119 Wielki Fina\u0142 historycznego pierwszego sezonu Ligi Czw\u00f3rek \u2013 \u201e\u015awi\u0119tokrzyskie Czw\u00f3rki\u201d. W zmaganiach ligowych wystartowa\u0142o 21 zespo\u0142\u00f3w, w tym trzy zespo\u0142y UKS Lolek Kluczewsko. Nasze dru\u017cyny mocno zaznaczy\u0142y sw\u00f3j udzia\u0142 w turnieju, o czym \u015bwiadczy III Miejsce i Br\u0105zowe Medale naszego pierwszego zespo\u0142u. Lolek [&hellip;]<\/p>\n","protected":false},"author":2,"featured_media":8341,"comment_status":"open","ping_status":"open","sticky":false,"template":"","format":"standard","meta":{"ngg_post_thumbnail":0,"footnotes":""},"categories":[324],"tags":[],"class_list":["post-8340","post","type-post","status-publish","format-standard","has-post-thumbnail","hentry","category-aktualnosci"],"_links":{"self":[{"href":"https:\/\/spkluczewsko.pl\/index.php?rest_route=\/wp\/v2\/posts\/8340","targetHints":{"allow":["GET"]}}],"collection":[{"href":"https:\/\/spkluczewsko.pl\/index.php?rest_route=\/wp\/v2\/posts"}],"about":[{"href":"https:\/\/spkluczewsko.pl\/index.php?rest_route=\/wp\/v2\/types\/post"}],"author":[{"embeddable":true,"href":"https:\/\/spkluczewsko.pl\/index.php?rest_route=\/wp\/v2\/users\/2"}],"replies":[{"embeddable":true,"href":"https:\/\/spkluczewsko.pl\/index.php?rest_route=%2Fwp%2Fv2%2Fcomments&post=8340"}],"version-history":[{"count":1,"href":"https:\/\/spkluczewsko.pl\/index.php?rest_route=\/wp\/v2\/posts\/8340\/revisions"}],"predecessor-version":[{"id":8342,"href":"https:\/\/spkluczewsko.pl\/index.php?rest_route=\/wp\/v2\/posts\/8340\/revisions\/8342"}],"wp:featuredmedia":[{"embeddable":true,"href":"https:\/\/spkluczewsko.pl\/index.php?rest_route=\/wp\/v2\/media\/8341"}],"wp:attachment":[{"href":"https:\/\/spkluczewsko.pl\/index.php?rest_route=%2Fwp%2Fv2%2Fmedia&parent=8340"}],"wp:term":[{"taxonomy":"category","embeddable":true,"href":"https:\/\/spkluczewsko.pl\/index.php?rest_route=%2Fwp%2Fv2%2Fcategories&post=8340"},{"taxonomy":"post_tag","embeddable":true,"href":"https:\/\/spkluczewsko.pl\/index.php?rest_route=%2Fwp%2Fv2%2Ftags&post=8340"}],"curies":[{"name":"wp","href":"https:\/\/api.w.org\/{rel}","templated":true}]}}