{"id":8429,"date":"2023-06-24T08:41:17","date_gmt":"2023-06-24T06:41:17","guid":{"rendered":"http:\/\/spkluczewsko.pl\/?p=8429"},"modified":"2023-06-24T08:45:41","modified_gmt":"2023-06-24T06:45:41","slug":"sezon-2022-23-pelen-sukcesow-lolka-zakonczony","status":"publish","type":"post","link":"https:\/\/spkluczewsko.pl\/?p=8429","title":{"rendered":"Sezon 2022\/23 pe\u0142en sukces\u00f3w Lolka zako\u0144czony\u2026"},"content":{"rendered":"<p style=\"text-align: justify;\">W \u015brod\u0119 21 czerwca Minisiatkarki i Siatkarki UKS Lolek Kluczewsko oficjalnie zako\u0144czy\u0142y niezwykle udany Sezon 2022\/23. Wszystkie dziewczynki zosta\u0142y uhonorowane pami\u0105tkowymi dyplomami, medalami, statuetkami (m\u0142odziczki) kt\u00f3re uroczy\u015bcie wr\u0119czy\u0142a pani dyrektor ZPS w Kluczewsku \u2013 Irena Orzechowska oraz trener \u2013 p. Tomasz D\u0119bowski. W sezonie 2022\/23 na popo\u0142udniowe zaj\u0119cia sportowe ucz\u0119szcza\u0142o w sumie 48 dziewczynek, kt\u00f3re trenowa\u0142y po 2 razy w tygodniu w 5 kategoriach wiekowych: Single, Dw\u00f3jki, Tr\u00f3jki, Czw\u00f3rki i M\u0142odziczki. W naszym klubie trenuj\u0105 zawodniczki z ca\u0142ej Gminy Kluczewsko, a tak\u017ce spoza niej.<\/p>\n<p style=\"text-align: justify;\">Sezon 2022\/23 by\u0142 bardzo udany dla naszych siatkarek. Grali\u015bmy na wielu \u201efrontach\u201d, we wszystkich kategoriach wiekowych i we wszystkich osi\u0105gali\u015bmy sukcesy. Na \u201esiatkarskim szlaku\u201d zawitali\u015bmy do takich miejscowo\u015bciach jak: Tomasz\u00f3w Mazowiecki, Tuszyn, \u0141ask, Wieliczka, Tuszyn, Radomsko, Nadarzyn, Ostrowy nad Oksz\u0105, Kielce, Ostrowiec \u015awi\u0119tokrzyski, Skar\u017cysko Kamienna.<\/p>\n<p style=\"text-align: justify;\">Poni\u017cej kilka s\u0142\u00f3w o naszych wyst\u0119pach i uzyskiwanych w nich wynikach.<\/p>\n<p style=\"text-align: justify;\">Zacznijmy od \u201eSingielek\u201d. W tym sezonie postanowili\u015bmy skorzysta\u0107 z zaproszenia od <strong>\u0141\u00f3dzkiego Zwi\u0105zku Pi\u0142ki Siatkowej<\/strong> i do\u0142\u0105czyli\u015bmy do wspania\u0142ego projektu jakim s\u0105 rozgrywki \u2013 <strong>\u201e\u0141\u00f3dzkie Minisingielki\u201d<\/strong>, w kt\u00f3rym bra\u0142y udzia\u0142 dziewczynki z wielu wojew\u00f3dztw. Ogromny sukces odnios\u0142a w nich <strong>Liliana Owsikowska<\/strong>, kt\u00f3ra znalaz\u0142a si\u0119 w pierwszej 5 zawodniczek z najwi\u0119kszym procentem zwyci\u0119stw w ca\u0142ych rozgrywkach.<\/p>\n<p style=\"text-align: justify;\">\u015awietnie w kategorii \u201eSingielek\u201d spisa\u0142a si\u0119 siostra Liliany \u2013 <strong>Nela<\/strong>, kt\u00f3ra najpierw zaj\u0119\u0142a 4 miejsce w <strong>Og\u00f3lnopolskim Turnieju Minisingielk\u00f3w METPRIM Volley Radomsko <\/strong>by nast\u0119pnie wygra\u0107 <strong>II Og\u00f3lnopolski Turniej Singielek w Skar\u017cysku Kamiennej<\/strong>.<\/p>\n<p style=\"text-align: justify;\">Bardzo dobrze w Finale Wojew\u00f3dzkim Og\u00f3lnopolskich Mistrzostw w Minisiatk\u00f3wce Kinder Joy of Moving spisa\u0142y si\u0119 <strong>Natalia Karolczyk<\/strong> (6 miejsce) i <strong>Lena Olczyk<\/strong> (7 miejsce).<\/p>\n<p style=\"text-align: justify;\">Je\u015bli chodzi o \u201eDw\u00f3jki\u201d to tutaj to w tym sezonie mo\u017cemy m\u00f3wi\u0107 o naprawd\u0119 wielu sukcesach. Do nich bez w\u0105tpienia mo\u017cemy zaliczy\u0107 zwyci\u0119stwo w <strong>XVII Og\u00f3lnopolskim Turnieju Minisiatk\u00f3wki \u201eJokery Glinka Academy\u20192022\u201d o Puchar Ma\u0142gorzaty Glinki<\/strong> w <strong>Tomaszowie Mazowieckim<\/strong> oraz \u015bwietne granie w Kinderach co zaowocowa\u0142o zdobyciem <strong>Wicemistrzostwa Wojew\u00f3dztwa<\/strong> i awansem do <strong>Mistrzostw Polski<\/strong>, kt\u00f3re zostan\u0105 rozegrane w lipcu, w Gliwicach.<\/p>\n<p style=\"text-align: justify;\">W kategorii \u201eTr\u00f3jki\u201d jest nas najmniej bo tylko trzy, ale dzielnie walczyli\u015bmy i w Finale Wojew\u00f3dzkim Kindera zaj\u0119li\u015bmy 4 miejsce przegrywaj\u0105c awans do Fina\u0142u Og\u00f3lnopolskiego ma\u0142ymi punktami.<\/p>\n<p style=\"text-align: justify;\">Sporo emocji przysporzy\u0142y nam nasze \u201eczw\u00f3reczki\u201d, kt\u00f3re mocno \u201efalowa\u0142y\u201d przez ca\u0142y sezon, ale w kluczowych momentach potrafi\u0142y si\u0119 spr\u0119\u017cy\u0107 i osi\u0105gn\u0105\u0107 sukces. Najwi\u0119kszym jest chyba zdobycie <strong>br\u0105zowego medalu<\/strong> w rozgrywkach <strong>\u201e\u015awi\u0119tokrzyskie Czw\u00f3rki\u201d <\/strong>zorganizowanego przez <strong>\u015awi\u0119tokrzyski Zwi\u0105zek Pi\u0142ki Siatkowej w Kielcach<\/strong>. Zawodniczki Lolka reprezentuj\u0105c Szko\u0142\u0119 Podstawow\u0105 w Kluczewsku zdoby\u0142y <strong>Wicemistrzostwo Wojew\u00f3dztwa Siatkarskich Mistrzostwa Szk\u00f3\u0142 Podstawowych Wojew\u00f3dztwa \u015awi\u0119tokrzyskiego dla uczni\u00f3w klas 4-6<\/strong> zorganizowanych przez <strong>Kuratorium O\u015bwiaty w Kielcach<\/strong>, a tak\u017ce <strong>Br\u0105z w Mistrzostwach Wojew\u00f3dztwa w Minisiatk\u00f3wce Dziewcz\u0105t \u2013 Igrzyska Dzieci.<\/strong><\/p>\n<p style=\"text-align: justify;\">W najstarszej kategorii \u2013 \u201eM\u0142odziczki\u201d grali\u015bmy w <strong>\u015awi\u0119tokrzyskiej Lidze M\u0142odziczek<\/strong> i mimo, \u017ce grali\u015bmy mocno \u201em\u0142odym\u201d sk\u0142adem to zdobyli\u015bmy <strong>III miejsce w Wojew\u00f3dztwie<\/strong> i tym samym wywalczyli\u015bmy awans do <strong>1\/8 Mistrzostw Polski w Kro\u015bnie.<\/strong><\/p>\n<p style=\"text-align: justify;\">Sukcesy naszych Siatkarek zosta\u0142y zauwa\u017cone przez koordynator\u00f3w Wojew\u00f3dzkich Kadr w r\u00f3\u017cnych kategoriach wiekowych co zaowocowa\u0142o powo\u0142aniem <strong>Amelii Jo\u0144czyk i Emilii Dobrowolskiej<\/strong> do <strong>Kadry Wojew\u00f3dztwa na XXIX Og\u00f3lnopolsk\u0105 Olimpiad\u0119 M\u0142odzie\u017cy w Sportach Halowych<\/strong>, kt\u00f3ra odby\u0142a si\u0119 w Policach w wojew\u00f3dztwie zachodniopomorskim.<\/p>\n<p style=\"text-align: justify;\">Nasza reprezentantka w kategorii \u201etr\u00f3jki\u201d \u2013 <strong>Zosia Zawisza<\/strong> zosta\u0142a natomiast powo\u0142ana na Konsultacje Regionalne, kt\u00f3re s\u0105 jednym z etap\u00f3w naborowo \u2013 selekcyjnych do <strong>Kadry Polski U-13.<\/strong><\/p>\n<p style=\"text-align: justify;\"><strong>Zosia i Wiktoria Karolczyk<\/strong> uczestniczy\u0142y tak\u017ce w konsultacjach <strong>Kadry Wojew\u00f3dztwa Siatkarskich O\u015brodk\u00f3w Sportowych<\/strong> (Rocznik 2011).<\/p>\n<p style=\"text-align: justify;\">Tradycyjne w ferie zimowe zorganizowali\u015bmy <strong>Og\u00f3lnopolski Turniej Minisiatk\u00f3wki \u2013 \u201eKluczewsko Mini Volley Cup\u201d<\/strong>, kt\u00f3ry w centralnej i po\u0142udniowej Polsce cieszy si\u0119 wielk\u0105 renom\u0105 i dlatego z wielk\u0105 ch\u0119ci\u0105 przyje\u017cd\u017caj\u0105 do nas utytu\u0142owane kluby z tego\u017c w\u0142a\u015bnie regionu. Turniej ma bardzo wysoki poziom, a niejednokrotnie zwyci\u0119zcy Turnieju w Kluczewsku zostaj\u0105 p\u00f3\u017aniej Mistrzami Polski.<\/p>\n<p style=\"text-align: justify;\">Oczywi\u015bcie nie by\u0142o by naszych sukces\u00f3w, gdyby nie osoby i instytucje, kt\u00f3re nas wspieraj\u0105. W tym roku po raz pierwszy otrzymali\u015bmy dofinansowanie od <strong>Gminy Kluczewsko<\/strong> w ramach zadania publicznego <strong>\u201e<\/strong><strong>Upowszechnianie kultury fizycznej i sportu poprzez organizowanie dzia\u0142alno\u015bci w zakresie propagowania pi\u0142ki siatkowej w\u015br\u00f3d dzieci i m\u0142odzie\u017cy szkolnej z terenu Gminy Kluczewsko\u201d.<\/strong><\/p>\n<p style=\"text-align: justify;\">Serdecznie dzi\u0119kujemy <strong>Gminie Kluczewsko<\/strong> na czele z <strong>Panem W\u00f3jtem Rafa\u0142em Pa\u0142k\u0105<\/strong> oraz <strong>pani\u0105 Sekretarz \u2013 Bo\u017cen\u0105 Nowak<\/strong>, <strong>Starostwu Powiatowemu we W\u0142oszczowie, Firmie InSPORTline Polska, Firmie Budowlano \u2013 Handlowej \u201eDANIEL\u201d, Bankowi Sp\u00f3\u0142dzielczemu we W\u0142oszczowie<\/strong>, <strong>Pani Irenie Orzechowskiej \u2013 dyrektor Zespo\u0142u Przedszkolno \u2013 Szkolnego w Kluczewsku, Pani Monice Bakalarz, panu Kamilowi Borowieckiemu, pani Kindze Dobrowolskiej, panu Karolowi Glanda, panu Dominikowi Olczykowi, panu \u0141ukaszowi Nowakowi<\/strong> oraz wszystkim, kt\u00f3rzy w wi\u0119kszym lub mniejszym stopniu przyczynili si\u0119 w spos\u00f3b szczeg\u00f3lny do rozwoju naszej dzia\u0142alno\u015bci.<\/p>\n<p style=\"text-align: justify;\">Serdeczne podzi\u0119kowania kierujemy do <strong>Rodzic\u00f3w<\/strong> naszych Siatkarek, kt\u00f3rzy powierzyli nam swoje pociechy i za to, \u017ce nam zaufali oraz mocno wspieraj\u0105 je w d\u0105\u017ceniu do rozwijania ich pasji. W dobie, gdzie \u015awiatem rz\u0105dzi smatfon, komputer i internet nie ma lepszej alternatywy ni\u017c uprawianie sportu, kt\u00f3ry daje nam wszystkim tyle rado\u015bci.<\/p>\n<p style=\"text-align: right;\">Do zobaczenia w nast\u0119pnym Sezonie\u2026<\/p>\n<p>Zdj\u0119cia <a href=\"https:\/\/www.facebook.com\/UKSLolekKluczewsko\/posts\/pfbid0spePHZUh11F9AdsegNQJoGXAjn2JNwdbffyPKVyGHuCVHfMsS3kHrwsp9WoQhEFYl\">TUTAJ:<\/a><\/p>\n","protected":false},"excerpt":{"rendered":"<p>W \u015brod\u0119 21 czerwca Minisiatkarki i Siatkarki UKS Lolek Kluczewsko oficjalnie zako\u0144czy\u0142y niezwykle udany Sezon 2022\/23. Wszystkie dziewczynki zosta\u0142y uhonorowane pami\u0105tkowymi dyplomami, medalami, statuetkami (m\u0142odziczki) kt\u00f3re uroczy\u015bcie wr\u0119czy\u0142a pani dyrektor ZPS w Kluczewsku \u2013 Irena Orzechowska oraz trener \u2013 p. Tomasz D\u0119bowski. W sezonie 2022\/23 na popo\u0142udniowe zaj\u0119cia sportowe ucz\u0119szcza\u0142o [&hellip;]<\/p>\n","protected":false},"author":2,"featured_media":6817,"comment_status":"open","ping_status":"open","sticky":false,"template":"","format":"standard","meta":{"ngg_post_thumbnail":0,"footnotes":""},"categories":[324],"tags":[],"class_list":["post-8429","post","type-post","status-publish","format-standard","has-post-thumbnail","hentry","category-aktualnosci"],"_links":{"self":[{"href":"https:\/\/spkluczewsko.pl\/index.php?rest_route=\/wp\/v2\/posts\/8429","targetHints":{"allow":["GET"]}}],"collection":[{"href":"https:\/\/spkluczewsko.pl\/index.php?rest_route=\/wp\/v2\/posts"}],"about":[{"href":"https:\/\/spkluczewsko.pl\/index.php?rest_route=\/wp\/v2\/types\/post"}],"author":[{"embeddable":true,"href":"https:\/\/spkluczewsko.pl\/index.php?rest_route=\/wp\/v2\/users\/2"}],"replies":[{"embeddable":true,"href":"https:\/\/spkluczewsko.pl\/index.php?rest_route=%2Fwp%2Fv2%2Fcomments&post=8429"}],"version-history":[{"count":1,"href":"https:\/\/spkluczewsko.pl\/index.php?rest_route=\/wp\/v2\/posts\/8429\/revisions"}],"predecessor-version":[{"id":8431,"href":"https:\/\/spkluczewsko.pl\/index.php?rest_route=\/wp\/v2\/posts\/8429\/revisions\/8431"}],"wp:featuredmedia":[{"embeddable":true,"href":"https:\/\/spkluczewsko.pl\/index.php?rest_route=\/wp\/v2\/media\/6817"}],"wp:attachment":[{"href":"https:\/\/spkluczewsko.pl\/index.php?rest_route=%2Fwp%2Fv2%2Fmedia&parent=8429"}],"wp:term":[{"taxonomy":"category","embeddable":true,"href":"https:\/\/spkluczewsko.pl\/index.php?rest_route=%2Fwp%2Fv2%2Fcategories&post=8429"},{"taxonomy":"post_tag","embeddable":true,"href":"https:\/\/spkluczewsko.pl\/index.php?rest_route=%2Fwp%2Fv2%2Ftags&post=8429"}],"curies":[{"name":"wp","href":"https:\/\/api.w.org\/{rel}","templated":true}]}}