{"id":8455,"date":"2023-09-03T20:37:23","date_gmt":"2023-09-03T18:37:23","guid":{"rendered":"http:\/\/spkluczewsko.pl\/?p=8455"},"modified":"2023-09-03T20:37:23","modified_gmt":"2023-09-03T18:37:23","slug":"juz-gramy-i-szlifujemy-forme","status":"publish","type":"post","link":"https:\/\/spkluczewsko.pl\/?p=8455","title":{"rendered":"Ju\u017c gramy!!! i Szlifujemy form\u0119&#8230;"},"content":{"rendered":"<div class=\"x11i5rnm xat24cr x1mh8g0r x1vvkbs xtlvy1s x126k92a\">\n<div dir=\"auto\" style=\"text-align: justify;\">2 wrze\u015bnia udali\u015bmy si\u0119 do zaprzyja\u017anionego Tuszyna na <strong>Og\u00f3lnopolski Turniej Minisiatk\u00f3wki<\/strong> gdzie zagra\u0142y bardzo silne zespo\u0142y z 5 wojew\u00f3dztw \u0142\u00f3dzkiego, \u015bl\u0105skiego, opolskiego, mazowieckiego i \u015bwi\u0119tokrzyskiego (20 zespo\u0142\u00f3w dw\u00f3jek i 23 tr\u00f3jek). Lolka w zawodach reprezentowa\u0142y 2 zespo\u0142y &#8222;tr\u00f3jek&#8221; i 1 &#8222;dw\u00f3jek&#8221;. Ostatecznie nasze dru\u017cyny zaj\u0119\u0142y w kat. &#8222;2&#8221; IX msc. natomiast w &#8222;3&#8221; XIV msc. (Lolek II) i XV (Lolek I).<\/div>\n<div dir=\"auto\" style=\"text-align: justify;\">Udzia\u0142 w turnieju tak wcze\u015bnie u progu sezonu by\u0142 wspania\u0142ym materia\u0142em szkoleniowym i \u015bwietnie uwidoczni\u0142 nad czym musimy pracowa\u0107 na treningach. Nowe kategorie, nowe sk\u0142ady wi\u0119c ruszamy ostro do pracy, aby si\u0119 szybko na nie przestawi\u0107.<\/div>\n<\/div>\n<div class=\"x11i5rnm xat24cr x1mh8g0r x1vvkbs xtlvy1s x126k92a\" style=\"text-align: justify;\">\n<div dir=\"auto\">Nasze zespo\u0142y zagra\u0142y w nast\u0119puj\u0105cych sk\u0142adach: &#8222;3&#8221;: Lolek I (Lila Owsikowska, Ola Dobrowolska, Ola Dziuba), Lolek II (Oliwka Basiak, D\u017cesika Zeler, Maja Miszczak); &#8222;2&#8221;: (Nela Owsikowska, Natalka Karolczyk). Opiekunem zespo\u0142\u00f3w by\u0142 p. Tomasz D\u0119bowski.<\/div>\n<\/div>\n<div class=\"x11i5rnm xat24cr x1mh8g0r x1vvkbs xtlvy1s x126k92a\" style=\"text-align: justify;\">\n<div dir=\"auto\">Na wielki plus w naszych zespo\u0142ach trzeba zapisa\u0107 gr\u0119 naszej &#8222;dw\u00f3jeczki&#8221; z debiutantk\u0105, jeszcze singielk\u0105 Natalk\u0105 Karolczyk, kt\u00f3ra da\u0142a rad\u0119.<\/div>\n<\/div>\n<div class=\"x11i5rnm xat24cr x1mh8g0r x1vvkbs xtlvy1s x126k92a\" style=\"text-align: justify;\">\n<div dir=\"auto\">UMKS Tuszyn serdecznie dzi\u0119kujemy za zaproszenie na turniej. Jak zwykle wszystko profesjonalnie i perfekcyjnie zorganizowane.<\/div>\n<\/div>\n<div class=\"x11i5rnm xat24cr x1mh8g0r x1vvkbs xtlvy1s x126k92a\">\n<div dir=\"auto\" style=\"text-align: right;\">Pozdrawiamy<\/div>\n<div dir=\"auto\">Zdj\u0119cia <a href=\"https:\/\/www.facebook.com\/UKSLolekKluczewsko\/posts\/pfbid02PoCeVAsYUQxAE4jRiWGTub9UgK43rRh8MDd16qYBQaTNAkLxDS9ChnbKsyEYcLPCl\">TUTAJ:<\/a><\/div>\n<\/div>\n","protected":false},"excerpt":{"rendered":"<p>2 wrze\u015bnia udali\u015bmy si\u0119 do zaprzyja\u017anionego Tuszyna na Og\u00f3lnopolski Turniej Minisiatk\u00f3wki gdzie zagra\u0142y bardzo silne zespo\u0142y z 5 wojew\u00f3dztw \u0142\u00f3dzkiego, \u015bl\u0105skiego, opolskiego, mazowieckiego i \u015bwi\u0119tokrzyskiego (20 zespo\u0142\u00f3w dw\u00f3jek i 23 tr\u00f3jek). Lolka w zawodach reprezentowa\u0142y 2 zespo\u0142y &#8222;tr\u00f3jek&#8221; i 1 &#8222;dw\u00f3jek&#8221;. Ostatecznie nasze dru\u017cyny zaj\u0119\u0142y w kat. &#8222;2&#8221; IX msc. [&hellip;]<\/p>\n","protected":false},"author":2,"featured_media":8456,"comment_status":"open","ping_status":"open","sticky":false,"template":"","format":"standard","meta":{"ngg_post_thumbnail":0,"footnotes":""},"categories":[324],"tags":[],"class_list":["post-8455","post","type-post","status-publish","format-standard","has-post-thumbnail","hentry","category-aktualnosci"],"_links":{"self":[{"href":"https:\/\/spkluczewsko.pl\/index.php?rest_route=\/wp\/v2\/posts\/8455","targetHints":{"allow":["GET"]}}],"collection":[{"href":"https:\/\/spkluczewsko.pl\/index.php?rest_route=\/wp\/v2\/posts"}],"about":[{"href":"https:\/\/spkluczewsko.pl\/index.php?rest_route=\/wp\/v2\/types\/post"}],"author":[{"embeddable":true,"href":"https:\/\/spkluczewsko.pl\/index.php?rest_route=\/wp\/v2\/users\/2"}],"replies":[{"embeddable":true,"href":"https:\/\/spkluczewsko.pl\/index.php?rest_route=%2Fwp%2Fv2%2Fcomments&post=8455"}],"version-history":[{"count":1,"href":"https:\/\/spkluczewsko.pl\/index.php?rest_route=\/wp\/v2\/posts\/8455\/revisions"}],"predecessor-version":[{"id":8457,"href":"https:\/\/spkluczewsko.pl\/index.php?rest_route=\/wp\/v2\/posts\/8455\/revisions\/8457"}],"wp:featuredmedia":[{"embeddable":true,"href":"https:\/\/spkluczewsko.pl\/index.php?rest_route=\/wp\/v2\/media\/8456"}],"wp:attachment":[{"href":"https:\/\/spkluczewsko.pl\/index.php?rest_route=%2Fwp%2Fv2%2Fmedia&parent=8455"}],"wp:term":[{"taxonomy":"category","embeddable":true,"href":"https:\/\/spkluczewsko.pl\/index.php?rest_route=%2Fwp%2Fv2%2Fcategories&post=8455"},{"taxonomy":"post_tag","embeddable":true,"href":"https:\/\/spkluczewsko.pl\/index.php?rest_route=%2Fwp%2Fv2%2Ftags&post=8455"}],"curies":[{"name":"wp","href":"https:\/\/api.w.org\/{rel}","templated":true}]}}