{"id":8908,"date":"2023-10-10T21:51:00","date_gmt":"2023-10-10T19:51:00","guid":{"rendered":"http:\/\/spkluczewsko.pl\/?p=8908"},"modified":"2023-10-10T21:51:00","modified_gmt":"2023-10-10T19:51:00","slug":"zps-kluczewsko-docenione-przez-szkolny-zwiazek-sportowy","status":"publish","type":"post","link":"https:\/\/spkluczewsko.pl\/?p=8908","title":{"rendered":"ZPS Kluczewsko docenione przez Szkolny Zwi\u0105zek Sportowy"},"content":{"rendered":"<p style=\"text-align: justify;\">10 pa\u017adziernika w Sali \u201eLustrzanej\u201d Wojew\u00f3dzkiego Domu Kultury w Kielcach odby\u0142 si\u0119 <strong>Sejmik Szkolnej Kultury Fizycznej i Podsumowanie Wsp\u00f3\u0142zawodnictwa Sportowego Szk\u00f3\u0142 Wojew\u00f3dztwa \u015awi\u0119tokrzyskiego za Rok Szkolny 2022\/2023<\/strong> po\u0142\u0105czony z obchodami <strong>70-lecia Szkolnego Zwi\u0105zku Sportowego.<\/strong><\/p>\n<p style=\"text-align: justify;\">Patronat honorowy nad wydarzeniem obj\u0105\u0142 Marsza\u0142ek Wojew\u00f3dztwa \u015awi\u0119tokrzyskiego \u2013 <strong>pan Andrzej B\u0119tkowski<\/strong>, kt\u00f3rego reprezentowali: <strong>p. Tomasz Jamka<\/strong> \u2013 Cz\u0142onek Zarz\u0105du Wojew\u00f3dztwa \u015awi\u0119tokrzyskiego oraz <strong>p. Piotr Kisiel<\/strong> \u2013 Dyrektor Departamentu Promocji, Edukacji, Kultury Sportu i Turystyki w Urz\u0119dzie Marsza\u0142kowskim. Spotkanie zaszczyci\u0142 swoj\u0105 obecno\u015bci\u0105 &#8211; \u015awi\u0119tokrzyski Kurator O\u015bwiaty \u2013 <strong>p. Kazimierz M\u0105dzik<\/strong>. Go\u015bciem specjalnym by\u0142 <strong>p. S\u0142awomir Szmal<\/strong> \u2013 Wicemistrz \u015awiata i dwukrotny Br\u0105zowy Medalista Mistrzostw \u015awiata w Pi\u0142ce R\u0119cznej.<\/p>\n<p style=\"text-align: justify;\">Obrady Sejmiku otworzy\u0142 Prezes SZS w Kielcach \u2013 <strong>p. Dariusz Kos<\/strong>, kt\u00f3ry zaprezentowa\u0142 70 \u2013 letni\u0105 histori\u0119 dzia\u0142alno\u015bci Szkolnego Zwi\u0105zku Sportowego, nast\u0119pnie g\u0142os zabra\u0142 p. S\u0142awomir Szmal przedstawiaj\u0105c referat \u201eOd zawod\u00f3w szkolnych do Mistrzostwa Sportowego\u201d na przyk\u0142adzie swojej osoby.<\/p>\n<p style=\"text-align: justify;\">Podczas trwania wydarzenia zaprezentowano wiele ciekawych paneli dyskusyjnych na temat \u201eRoli i znaczenia sportu szkolnego w og\u00f3lnym procesie wychowania dzieci i m\u0142odzie\u017cy\u201d oraz \u201eRywalizacji sportowej dzieci i m\u0142odzie\u017cy po pandemii\u201d.<\/p>\n<p style=\"text-align: justify;\">Mi\u0142ym akcentem spotkania by\u0142o uhonorowanie dzia\u0142aczy, dyrektor\u00f3w szk\u00f3\u0142 i nauczycieli z okazji 70 \u2013 lecia Szkolnego Zwi\u0105zku Sportowego za zas\u0142ugi w promowaniu sportu w\u015br\u00f3d dzieci i m\u0142odzie\u017cy w wojew\u00f3dztwie \u015bwi\u0119tokrzyskim i na arenach Og\u00f3lnopolskich.<\/p>\n<p style=\"text-align: justify;\">Bardzo mi\u0142o nam jest poinformowa\u0107, \u017ce <strong>Medalem 70 \u2013 lecia Szkolnego Zwi\u0105zku Sportowego<\/strong> zostali odznaczeni: <strong>pani Irena Orzechowska<\/strong> \u2013 Dyrektor Zespo\u0142u Przedszkolno \u2013 Szkolnego w Kluczewsku oraz <strong>pan Tomasz D\u0119bowski<\/strong> \u2013 nauczyciel wychowania fizycznego w ZPS Kluczewsko. Kapitu\u0142a doceni\u0142a przedstawicieli ZPS Kluczewsko za promowanie i popularyzowanie minisiatk\u00f3wki i siatk\u00f3wki w\u015br\u00f3d dzieci i m\u0142odzie\u017cy szkolnej oraz wzorow\u0105 cykliczna organizacj\u0119 &nbsp;<strong>Fina\u0142\u00f3w Wojew\u00f3dzkich w Minisiatk\u00f3wce Dziewcz\u0105t i Ch\u0142opc\u00f3w \u2013 Igrzyska Dzieci<\/strong> oraz <strong>Fina\u0142\u00f3w Wojew\u00f3dzkich Festiwalu Minisiatk\u00f3wki Dziewcz\u0105t i Ch\u0142opc\u00f3w o Puchar Marsza\u0142ka Wojew\u00f3dztwa \u015awi\u0119tokrzyskiego<\/strong>.<\/p>\n<p style=\"text-align: justify;\">Cieszymy si\u0119 niezmiernie, \u017ce dzia\u0142alno\u015b\u0107 sportowa i szkolenie dzieci i m\u0142odzie\u017cy w ostatnim czasie zosta\u0142o ponownie docenione, tym razem przez Szkolny Zwi\u0105zek Sportowy, a ca\u0142kiem niedawno przez <strong>Ministerstwo Sportu i Turystki<\/strong> wraz z <strong>Fundacj\u0105 Or\u0142y Sportu<\/strong> dzi\u0119ki kt\u00f3rym do Kluczewska zawita\u0142a Najlepsza Polska Siatkarka \u2013 <strong>Ma\u0142gorzata Glinka \u2013 Mogentale<\/strong>.<\/p>\n<p style=\"text-align: justify;\">My ze swoje strony zapewniamy, \u017ce nie spoczywamy na laurach i jeszcze mocniej bierzemy si\u0119 do pracy, aby nasi m\u0142odzi sportowcy ca\u0142y czas mieli mo\u017cliwo\u015b\u0107 rozwijania swoich pasji sportowych, kt\u00f3re s\u0105 niew\u0105tpliw\u0105 \u201eodskoczni\u0105\u201d od dzisiejszych niestety coraz bardziej \u201ewirtualnych\u201d czas\u00f3w.<\/p>\n<p>Zdj\u0119cia <a href=\"https:\/\/www.facebook.com\/ZPSKluczewsko\/posts\/pfbid02Xho7D2Cu3JPXq8YKuSpYeSd71xu3WVXd95hg219UANmpPZpov9XTat48qLsQ6cQWl\">TUTAJ:<\/a><\/p>\n","protected":false},"excerpt":{"rendered":"<p>10 pa\u017adziernika w Sali \u201eLustrzanej\u201d Wojew\u00f3dzkiego Domu Kultury w Kielcach odby\u0142 si\u0119 Sejmik Szkolnej Kultury Fizycznej i Podsumowanie Wsp\u00f3\u0142zawodnictwa Sportowego Szk\u00f3\u0142 Wojew\u00f3dztwa \u015awi\u0119tokrzyskiego za Rok Szkolny 2022\/2023 po\u0142\u0105czony z obchodami 70-lecia Szkolnego Zwi\u0105zku Sportowego. Patronat honorowy nad wydarzeniem obj\u0105\u0142 Marsza\u0142ek Wojew\u00f3dztwa \u015awi\u0119tokrzyskiego \u2013 pan Andrzej B\u0119tkowski, kt\u00f3rego reprezentowali: p. Tomasz [&hellip;]<\/p>\n","protected":false},"author":2,"featured_media":8909,"comment_status":"open","ping_status":"open","sticky":false,"template":"","format":"standard","meta":{"ngg_post_thumbnail":0,"footnotes":""},"categories":[324],"tags":[],"class_list":["post-8908","post","type-post","status-publish","format-standard","has-post-thumbnail","hentry","category-aktualnosci"],"_links":{"self":[{"href":"https:\/\/spkluczewsko.pl\/index.php?rest_route=\/wp\/v2\/posts\/8908","targetHints":{"allow":["GET"]}}],"collection":[{"href":"https:\/\/spkluczewsko.pl\/index.php?rest_route=\/wp\/v2\/posts"}],"about":[{"href":"https:\/\/spkluczewsko.pl\/index.php?rest_route=\/wp\/v2\/types\/post"}],"author":[{"embeddable":true,"href":"https:\/\/spkluczewsko.pl\/index.php?rest_route=\/wp\/v2\/users\/2"}],"replies":[{"embeddable":true,"href":"https:\/\/spkluczewsko.pl\/index.php?rest_route=%2Fwp%2Fv2%2Fcomments&post=8908"}],"version-history":[{"count":1,"href":"https:\/\/spkluczewsko.pl\/index.php?rest_route=\/wp\/v2\/posts\/8908\/revisions"}],"predecessor-version":[{"id":8910,"href":"https:\/\/spkluczewsko.pl\/index.php?rest_route=\/wp\/v2\/posts\/8908\/revisions\/8910"}],"wp:featuredmedia":[{"embeddable":true,"href":"https:\/\/spkluczewsko.pl\/index.php?rest_route=\/wp\/v2\/media\/8909"}],"wp:attachment":[{"href":"https:\/\/spkluczewsko.pl\/index.php?rest_route=%2Fwp%2Fv2%2Fmedia&parent=8908"}],"wp:term":[{"taxonomy":"category","embeddable":true,"href":"https:\/\/spkluczewsko.pl\/index.php?rest_route=%2Fwp%2Fv2%2Fcategories&post=8908"},{"taxonomy":"post_tag","embeddable":true,"href":"https:\/\/spkluczewsko.pl\/index.php?rest_route=%2Fwp%2Fv2%2Ftags&post=8908"}],"curies":[{"name":"wp","href":"https:\/\/api.w.org\/{rel}","templated":true}]}}