{"id":9084,"date":"2023-11-05T17:29:45","date_gmt":"2023-11-05T16:29:45","guid":{"rendered":"http:\/\/spkluczewsko.pl\/?p=9084"},"modified":"2023-11-05T17:40:23","modified_gmt":"2023-11-05T16:40:23","slug":"mlodziczki-uks-lolek-kluczewsko-rozpoczely-sezon-od-zwyciestwa","status":"publish","type":"post","link":"https:\/\/spkluczewsko.pl\/?p=9084","title":{"rendered":"M\u0142odziczki UKS Lolek Kluczewsko rozpocz\u0119\u0142y sezon od zwyci\u0119stwa\u2026"},"content":{"rendered":"<p style=\"text-align: justify;\">5 listopada w Kluczewsku odby\u0142 si\u0119 turniej <strong>\u015awi\u0119tokrzyskiej Ligi M\u0142odziczek w Siatk\u00f3wce<\/strong>. Zagra\u0142y w nim: UKS Lolek Kluczewsko, FUN Sport Kielce I i UKS Victoria W\u0142oszczowa. W pierwszym \u201ederbowym\u201d pojedynku spotka\u0142y si\u0119 gospodynie UKS Lolek Kluczewsko z UKS Victoria W\u0142oszczowa. Mecz zako\u0144czy\u0142 si\u0119 zwyci\u0119stwem Kluczewianek w stosunku 2:0 (27:25; 25:16). W drugim meczu Victoria W\u0142oszczowa wygra\u0142a z FUN Sport Kielce I 2:1 (19:25; 25:19; 15:12), a na koniec UKS Lolek dozna\u0142 pora\u017cki z FUN Sport Kielce I 0:2 (12:25; 20:25).<\/p>\n<p style=\"text-align: justify;\">Nasz zesp\u00f3\u0142 sk\u0142ada si\u0119 w wi\u0119kszo\u015bci z dziewcz\u0105t z m\u0142odszego rocznika i raczej nie jest faworytem rozgrywek wi\u0119c inauguracj\u0119 sezonu nale\u017cy uzna\u0107 jako pozytyw.<\/p>\n<p style=\"text-align: justify;\">Dziewczyny kolejny turniej zagraj\u0105 w Kielcach 25 listopada, a ich przeciwniczkami b\u0119d\u0105: FUN Sport Kielce I i Gala Skar\u017cysko Kamienna.<\/p>\n<p>W mi\u0119dzyczasie w Dzie\u0144 Niepodleg\u0142o\u015bci zagramy towarzysko w Myszkowie w Turnieju o Puchar Starosty Myszkowskiego.<\/p>\n<p style=\"text-align: justify;\">UKS Lolek Kluczewsko&nbsp; w pierwszym turnieju zagra\u0142 w sk\u0142adzie: <strong>Amelia Jo\u0144czyk (kpt.), Natalia Miko\u0142ajczyk, Maja Ruci\u0144ska, Martyna Teklak, Emilia Dobrowolska, Emilia Sza\u0142a\u0144ska, Nikola Borciuch (libero), Monika Mazurek, Aleksandra Rak, Lena Jasi\u0144ska, Zuzanna Oko\u0144, Wirginia Adamus, Julia Gaj (libero), Wiktoria Karolczyk.<\/strong> Trener \u2013 <strong>Tomasz D\u0119bowski<\/strong><\/p>\n<p>Zdj\u0119cia <a href=\"https:\/\/www.facebook.com\/UKSLolekKluczewsko\/posts\/pfbid0oWxUq1UhdKK8aF926UpMCE7KZtcywhdFFAGP69qNqim9p5D3hjJW7yPQyxCdF6PFl\">TUTAJ:<\/a><\/p>\n","protected":false},"excerpt":{"rendered":"<p>5 listopada w Kluczewsku odby\u0142 si\u0119 turniej \u015awi\u0119tokrzyskiej Ligi M\u0142odziczek w Siatk\u00f3wce. Zagra\u0142y w nim: UKS Lolek Kluczewsko, FUN Sport Kielce I i UKS Victoria W\u0142oszczowa. W pierwszym \u201ederbowym\u201d pojedynku spotka\u0142y si\u0119 gospodynie UKS Lolek Kluczewsko z UKS Victoria W\u0142oszczowa. Mecz zako\u0144czy\u0142 si\u0119 zwyci\u0119stwem Kluczewianek w stosunku 2:0 (27:25; 25:16). [&hellip;]<\/p>\n","protected":false},"author":2,"featured_media":9085,"comment_status":"open","ping_status":"open","sticky":false,"template":"","format":"standard","meta":{"ngg_post_thumbnail":0,"footnotes":""},"categories":[324],"tags":[],"class_list":["post-9084","post","type-post","status-publish","format-standard","has-post-thumbnail","hentry","category-aktualnosci"],"_links":{"self":[{"href":"https:\/\/spkluczewsko.pl\/index.php?rest_route=\/wp\/v2\/posts\/9084","targetHints":{"allow":["GET"]}}],"collection":[{"href":"https:\/\/spkluczewsko.pl\/index.php?rest_route=\/wp\/v2\/posts"}],"about":[{"href":"https:\/\/spkluczewsko.pl\/index.php?rest_route=\/wp\/v2\/types\/post"}],"author":[{"embeddable":true,"href":"https:\/\/spkluczewsko.pl\/index.php?rest_route=\/wp\/v2\/users\/2"}],"replies":[{"embeddable":true,"href":"https:\/\/spkluczewsko.pl\/index.php?rest_route=%2Fwp%2Fv2%2Fcomments&post=9084"}],"version-history":[{"count":2,"href":"https:\/\/spkluczewsko.pl\/index.php?rest_route=\/wp\/v2\/posts\/9084\/revisions"}],"predecessor-version":[{"id":9087,"href":"https:\/\/spkluczewsko.pl\/index.php?rest_route=\/wp\/v2\/posts\/9084\/revisions\/9087"}],"wp:featuredmedia":[{"embeddable":true,"href":"https:\/\/spkluczewsko.pl\/index.php?rest_route=\/wp\/v2\/media\/9085"}],"wp:attachment":[{"href":"https:\/\/spkluczewsko.pl\/index.php?rest_route=%2Fwp%2Fv2%2Fmedia&parent=9084"}],"wp:term":[{"taxonomy":"category","embeddable":true,"href":"https:\/\/spkluczewsko.pl\/index.php?rest_route=%2Fwp%2Fv2%2Fcategories&post=9084"},{"taxonomy":"post_tag","embeddable":true,"href":"https:\/\/spkluczewsko.pl\/index.php?rest_route=%2Fwp%2Fv2%2Ftags&post=9084"}],"curies":[{"name":"wp","href":"https:\/\/api.w.org\/{rel}","templated":true}]}}