{"id":9117,"date":"2023-11-16T17:34:11","date_gmt":"2023-11-16T16:34:11","guid":{"rendered":"http:\/\/spkluczewsko.pl\/?p=9117"},"modified":"2023-11-16T17:34:11","modified_gmt":"2023-11-16T16:34:11","slug":"emocje-pilkarskie-w-silniczce","status":"publish","type":"post","link":"https:\/\/spkluczewsko.pl\/?p=9117","title":{"rendered":"Emocje pi\u0142karskie w Silniczce\u2026"},"content":{"rendered":"<p style=\"text-align: justify;\">16 listopada dru\u017cyna ZPS Kluczewsko w pi\u0142ce no\u017cnej z\u0142o\u017cona z uczni\u00f3w i uczennic klasy II i III uda\u0142a si\u0119 do Silniczki, gdzie rozgrywany by\u0142 Turniej o Puchar Dyrektora tamtejszej Szko\u0142y \u2013 pana Jacka W\u0142odarczyka.<\/p>\n<p style=\"text-align: justify;\">W zawodach zagra\u0142o 6 dru\u017cyn: SP Silniczka, SP Krasocin, SP Kurzel\u00f3w, SP Kluczewsko, SP \u017bytno i SP Borzykowa. Nasza dru\u017cyna, w kt\u00f3rej &nbsp;7-osobowym sk\u0142adzie gra\u0142y, a\u017c trzy dziewczynki b\u0119d\u0105c jednocze\u015bnie najm\u0142odszym zespo\u0142em turnieju musia\u0142a uzna\u0107 wy\u017cszo\u015b\u0107 wszystkich pozosta\u0142ych dru\u017cyn i ostatecznie zaj\u0119\u0142a 6 miejsce. Dziewczynkom i ch\u0142opcom z Kluczewska nale\u017c\u0105 si\u0119 wielkie brawa za walk\u0119 i zaanga\u017cowanie.<\/p>\n<p style=\"text-align: justify;\">Klasyfikacja ko\u0144cowa turnieju: 1. SP Kluczewsko, 2. SP Silniczka, 3. SP Kurzel\u00f3w, 4. SP \u017bytno, 5. SP Borzykowa, 6. SP Kluczewsko<\/p>\n<p style=\"text-align: justify;\">Panu dyrektorowi dzi\u0119kujemy serdecznie za zaproszenie na turniej oraz wzorow\u0105 organizacj\u0119. Z ca\u0142\u0105 stanowczo\u015bci\u0105 nale\u017cy przyzna\u0107, \u017ce mimo i\u017c w zawodach uczestniczyli najm\u0142odsi adepci pi\u0142ki no\u017cnej to ich mecze by\u0142y o wiele bardziej emocjonuj\u0105ce ni\u017c obecne spotkania doros\u0142ej Reprezentacji Pi\u0142karskiej w eliminacjach do Mistrzostw Europy.<\/p>\n<p style=\"text-align: justify;\">SP Kluczewsko w turnieju w Silniczce reprezentowali: Natalia Karolczyk, Julia Ludynia, Antonina D\u0119bowska, Leon Kluza, Marcel B\u0105k, Fabian Chudy, Wojciech Walasek. Opiekunem zespo\u0142u w zawodach by\u0142 p. Tomasz D\u0119bowski<\/p>\n<p style=\"text-align: right;\">Nauczyciele klas I-III<\/p>\n<p>Zdj\u0119cia <a href=\"https:\/\/www.facebook.com\/ZPSKluczewsko\/posts\/pfbid0SvyC9mZDMbiBFJKDcJPBpTVxPYM16VVFFuqjJ4a5PjyRafxZhrF8Sum3rAdYytSSl\">TUTAJ:<\/a><\/p>\n","protected":false},"excerpt":{"rendered":"<p>16 listopada dru\u017cyna ZPS Kluczewsko w pi\u0142ce no\u017cnej z\u0142o\u017cona z uczni\u00f3w i uczennic klasy II i III uda\u0142a si\u0119 do Silniczki, gdzie rozgrywany by\u0142 Turniej o Puchar Dyrektora tamtejszej Szko\u0142y \u2013 pana Jacka W\u0142odarczyka. W zawodach zagra\u0142o 6 dru\u017cyn: SP Silniczka, SP Krasocin, SP Kurzel\u00f3w, SP Kluczewsko, SP \u017bytno i [&hellip;]<\/p>\n","protected":false},"author":2,"featured_media":9118,"comment_status":"open","ping_status":"open","sticky":false,"template":"","format":"standard","meta":{"ngg_post_thumbnail":0,"footnotes":""},"categories":[324],"tags":[],"class_list":["post-9117","post","type-post","status-publish","format-standard","has-post-thumbnail","hentry","category-aktualnosci"],"_links":{"self":[{"href":"https:\/\/spkluczewsko.pl\/index.php?rest_route=\/wp\/v2\/posts\/9117","targetHints":{"allow":["GET"]}}],"collection":[{"href":"https:\/\/spkluczewsko.pl\/index.php?rest_route=\/wp\/v2\/posts"}],"about":[{"href":"https:\/\/spkluczewsko.pl\/index.php?rest_route=\/wp\/v2\/types\/post"}],"author":[{"embeddable":true,"href":"https:\/\/spkluczewsko.pl\/index.php?rest_route=\/wp\/v2\/users\/2"}],"replies":[{"embeddable":true,"href":"https:\/\/spkluczewsko.pl\/index.php?rest_route=%2Fwp%2Fv2%2Fcomments&post=9117"}],"version-history":[{"count":1,"href":"https:\/\/spkluczewsko.pl\/index.php?rest_route=\/wp\/v2\/posts\/9117\/revisions"}],"predecessor-version":[{"id":9119,"href":"https:\/\/spkluczewsko.pl\/index.php?rest_route=\/wp\/v2\/posts\/9117\/revisions\/9119"}],"wp:featuredmedia":[{"embeddable":true,"href":"https:\/\/spkluczewsko.pl\/index.php?rest_route=\/wp\/v2\/media\/9118"}],"wp:attachment":[{"href":"https:\/\/spkluczewsko.pl\/index.php?rest_route=%2Fwp%2Fv2%2Fmedia&parent=9117"}],"wp:term":[{"taxonomy":"category","embeddable":true,"href":"https:\/\/spkluczewsko.pl\/index.php?rest_route=%2Fwp%2Fv2%2Fcategories&post=9117"},{"taxonomy":"post_tag","embeddable":true,"href":"https:\/\/spkluczewsko.pl\/index.php?rest_route=%2Fwp%2Fv2%2Ftags&post=9117"}],"curies":[{"name":"wp","href":"https:\/\/api.w.org\/{rel}","templated":true}]}}