{"id":9336,"date":"2023-12-12T18:43:54","date_gmt":"2023-12-12T17:43:54","guid":{"rendered":"http:\/\/spkluczewsko.pl\/?p=9336"},"modified":"2023-12-12T18:43:54","modified_gmt":"2023-12-12T17:43:54","slug":"minisiatkarki-graly-w-kluczewsku-o-puchar-marszalka","status":"publish","type":"post","link":"https:\/\/spkluczewsko.pl\/?p=9336","title":{"rendered":"Minisiatkarki gra\u0142y w Kluczewsku o Puchar Marsza\u0142ka"},"content":{"rendered":"<p style=\"text-align: justify;\">12 grudnia w kluczewskiej hali odby\u0142 si\u0119 <strong>Fina\u0142 Wojew\u00f3dzki Festiwalu Mini-Pi\u0142ki Siatkowej Dziewcz\u0105t o Puchar Marsza\u0142ka Wojew\u00f3dztwa \u015awi\u0119tokrzyskiego<\/strong>. W zawodach zagra\u0142o 6 dru\u017cyn: SP Kluczewsko, SP nr 25 Kielce, PSP nr 3 Busko Zdr\u00f3j, SP nr 2 Stasz\u00f3w, SP nr 1 W\u0142oszczowa, SP \u0141ag\u00f3w, kt\u00f3re w wyniku losowania podzielono na 2 grupy: Grupa \u201eA\u201d (SP nr 25 Kielce, SP \u0141ag\u00f3w, PSP nr 3 Busko Zdr\u00f3j); Grupa \u201eB\u201d: (SP Kluczewsko, SP nr 2 Stasz\u00f3w, SP nr 1 W\u0142oszczowa).<\/p>\n<p style=\"text-align: justify;\">Rozgrywki w finale sta\u0142y na naprawd\u0119 wysokim poziomie, a \u015bwiadcz\u0105 o tym wyniki, kt\u00f3re w wi\u0119kszo\u015bci rozstrzyga\u0142y si\u0119 po tie-breaku. Dziewcz\u0119ta z Kluczewska zawody rozpocz\u0119\u0142y meczem z SP nr 1 W\u0142oszczowa i niestety musia\u0142y uzna\u0107 ich wy\u017cszo\u015b\u0107 w stosunku 1:2. Takim samem wynikiem sko\u0144czy\u0142 si\u0119 mecz ze Staszowem. 2 pora\u017cki spowodowa\u0142y, \u017ce nie awansowa\u0142y do strefy medalowej. W meczu o 5 miejsce pewnie pokona\u0142y kole\u017canki z Buska Zdroju o ostatecznie zaj\u0119\u0142y to w\u0142a\u015bnie miejsce.<\/p>\n<p style=\"text-align: justify;\">Klasyfikacja ko\u0144cowa turnieju: 1. SP nr 25 Kielce, 2. SP nr 2 Stasz\u00f3w, 3. SP nr 1 W\u0142oszczowa, 4. SP \u0141ag\u00f3w, <strong>5. SP Kluczewsko<\/strong>, 6. SP nr 3 Busko Zdr\u00f3j.<\/p>\n<p style=\"text-align: justify;\">Podsumowuj\u0105c gr\u0119 naszych Siatkarek w dniu dzisiejszym nale\u017cy pochwali\u0107 dziewczynki z klasy IV i V, kt\u00f3re w momencie kiedy starsze kole\u017canki z klasy VI mia\u0142y wyra\u017anie \u201es\u0142abszy dzie\u0144\u201d wzi\u0119\u0142y sprawy w swoje r\u0119ce i swoj\u0105 postaw\u0105, ambicj\u0105 i zaanga\u017cowaniem pokaza\u0142y \u201ekawa\u0142\u201d \u015bwietnej siatk\u00f3wki co bardzo dobrze rokuje na przysz\u0142o\u015b\u0107.<\/p>\n<p style=\"text-align: justify;\">SP Kluczewsko w Finale Wojew\u00f3dzkim reprezentowa\u0142y: <strong>Nikola Borciuch (kl. VI), Zofia Zawisza (VI), Wiktoria Karolczyk (VI), Weronika Dusza (VI), D\u017cesika Zeler (V), Liliana Owsikowska (V), Aleksandra Dobrowolska (V), Oliwia Basiak (V), Nela Owsikowska (IV), Maja \u0141awi\u0144ska (IV).<\/strong> Opiekun \u2013 <strong>p. Tomasz D\u0119bowski<\/strong><\/p>\n<p style=\"text-align: justify;\">Ju\u017c w czwartek 14.12. w takim samym turnieju zagraj\u0105 ch\u0142opcy, tak\u017ce w Kluczewsku.<\/p>\n<p>Zdj\u0119cia <a href=\"https:\/\/www.facebook.com\/ZPSKluczewsko\/posts\/pfbid028i3k8MijYbsCLfvgb2FinvwwiMS4XQGRZ8X7qT2sH92Db2b6Ru5hM7HQR7xE7zzDl\">TUTAJ:<\/a><\/p>\n","protected":false},"excerpt":{"rendered":"<p>12 grudnia w kluczewskiej hali odby\u0142 si\u0119 Fina\u0142 Wojew\u00f3dzki Festiwalu Mini-Pi\u0142ki Siatkowej Dziewcz\u0105t o Puchar Marsza\u0142ka Wojew\u00f3dztwa \u015awi\u0119tokrzyskiego. W zawodach zagra\u0142o 6 dru\u017cyn: SP Kluczewsko, SP nr 25 Kielce, PSP nr 3 Busko Zdr\u00f3j, SP nr 2 Stasz\u00f3w, SP nr 1 W\u0142oszczowa, SP \u0141ag\u00f3w, kt\u00f3re w wyniku losowania podzielono na [&hellip;]<\/p>\n","protected":false},"author":2,"featured_media":9337,"comment_status":"open","ping_status":"open","sticky":false,"template":"","format":"standard","meta":{"ngg_post_thumbnail":0,"footnotes":""},"categories":[324],"tags":[],"class_list":["post-9336","post","type-post","status-publish","format-standard","has-post-thumbnail","hentry","category-aktualnosci"],"_links":{"self":[{"href":"https:\/\/spkluczewsko.pl\/index.php?rest_route=\/wp\/v2\/posts\/9336","targetHints":{"allow":["GET"]}}],"collection":[{"href":"https:\/\/spkluczewsko.pl\/index.php?rest_route=\/wp\/v2\/posts"}],"about":[{"href":"https:\/\/spkluczewsko.pl\/index.php?rest_route=\/wp\/v2\/types\/post"}],"author":[{"embeddable":true,"href":"https:\/\/spkluczewsko.pl\/index.php?rest_route=\/wp\/v2\/users\/2"}],"replies":[{"embeddable":true,"href":"https:\/\/spkluczewsko.pl\/index.php?rest_route=%2Fwp%2Fv2%2Fcomments&post=9336"}],"version-history":[{"count":1,"href":"https:\/\/spkluczewsko.pl\/index.php?rest_route=\/wp\/v2\/posts\/9336\/revisions"}],"predecessor-version":[{"id":9338,"href":"https:\/\/spkluczewsko.pl\/index.php?rest_route=\/wp\/v2\/posts\/9336\/revisions\/9338"}],"wp:featuredmedia":[{"embeddable":true,"href":"https:\/\/spkluczewsko.pl\/index.php?rest_route=\/wp\/v2\/media\/9337"}],"wp:attachment":[{"href":"https:\/\/spkluczewsko.pl\/index.php?rest_route=%2Fwp%2Fv2%2Fmedia&parent=9336"}],"wp:term":[{"taxonomy":"category","embeddable":true,"href":"https:\/\/spkluczewsko.pl\/index.php?rest_route=%2Fwp%2Fv2%2Fcategories&post=9336"},{"taxonomy":"post_tag","embeddable":true,"href":"https:\/\/spkluczewsko.pl\/index.php?rest_route=%2Fwp%2Fv2%2Ftags&post=9336"}],"curies":[{"name":"wp","href":"https:\/\/api.w.org\/{rel}","templated":true}]}}