{"id":9352,"date":"2023-12-14T15:52:55","date_gmt":"2023-12-14T14:52:55","guid":{"rendered":"http:\/\/spkluczewsko.pl\/?p=9352"},"modified":"2023-12-14T15:52:55","modified_gmt":"2023-12-14T14:52:55","slug":"final-festiwalu-minisiatkowki-chlopcow-za-nami-iv-miejsce-naszego-zespolu","status":"publish","type":"post","link":"https:\/\/spkluczewsko.pl\/?p=9352","title":{"rendered":"Fina\u0142 Festiwalu Minisiatk\u00f3wki Ch\u0142opc\u00f3w za nami\u2026 IV miejsce naszego zespo\u0142u."},"content":{"rendered":"<p style=\"text-align: justify;\">14 grudnia w hali sportowej w Kluczewsku odby\u0142 si\u0119&nbsp;<strong style=\"font-style: inherit;\">Fina\u0142 Wojew\u00f3dzki Festiwalu Mini-Pi\u0142ki Siatkowej Ch\u0142opc\u00f3w o Puchar Marsza\u0142ka Wojew\u00f3dztwa \u015awi\u0119tokrzyskiego<\/strong>. W zawodach zagra\u0142o 6 dru\u017cyn: SP Kluczewsko, SP Bodzentyn, SP Dobromierz, SP Dzieba\u0142t\u00f3w, SP nr 2 W\u0142oszczowa, SP Secemin, kt\u00f3re w wyniku losowania podzielono na 2 grupy: Grupa \u201eA\u201d (SP Dobromierz, SP Bodzentyn, SP Secemin); Grupa \u201eB\u201d: (SP Kluczewsko, SP Dzieba\u0142t\u00f3w, SP nr 2 W\u0142oszczowa).<\/p>\n<p style=\"text-align: justify;\">Ch\u0142opcy z Kluczewska w swojej grupie oba mecze wygrali w stosunku 2:1 i z pierwszego miejsca awansowali do p\u00f3\u0142fina\u0142u, gdzie zmierzyli si\u0119 z drug\u0105 dru\u017cyn\u0105 Grupy \u201eA\u201d \u2013 SP Dobromierz przegrywaj\u0105c mecz w stosunku 0:2. W meczu o III miejsce ponownie rywalizowali z dru\u017cyn\u0105 z Dzieba\u0142towa, kt\u00f3ra tym razem zrewan\u017cowa\u0142a si\u0119 im za pora\u017ck\u0119 w fazie grupowej i tym razem wygra\u0142a 2:0. Chocia\u017c trzeba przyzna\u0107, \u017ce mecz mia\u0142 bardzo emocjonuj\u0105cy przebieg, a wszystko ko\u0144czy\u0142o si\u0119 gr\u0105 na przewagi. Pierwszy set 23:25, drugi 24:26.<\/p>\n<p style=\"text-align: justify;\">Klasyfikacja ko\u0144cowa turnieju: 1. SP Dobromierz, 2. SP Bodzentyn, 3. SP Dzieba\u0142t\u00f3w, 4<strong>. SP Kluczewsko<\/strong>, 5. SP Nr 2 W\u0142oszczowa, 6. SP Secemin<\/p>\n<p style=\"text-align: justify;\">Ch\u0142opcy z Kluczewska grali troch\u0119 \u201enier\u00f3wno\u201d i w kluczowych momentach brakowa\u0142o im do\u015bwiadczenia. Pochwa\u0142y nale\u017c\u0105 si\u0119 m\u0142odszej ekipie i Tymkowi, kt\u00f3rzy rozgrywali swoje pierwsze zawody siatkarskie w \u017cyciu.<\/p>\n<p style=\"text-align: justify;\"><strong>Adam Tomczyk<\/strong> otrzyma\u0142 wyr\u00f3\u017cnienie dla najlepszego zawodnika dru\u017cyny z Kluczewska.<\/p>\n<p style=\"text-align: justify;\">SP Kluczewsko w Finale Wojew\u00f3dzkim reprezentowali:&nbsp;<strong style=\"font-style: inherit;\">Mi\u0142osz W\u0105sowicz, Mateusz Wicik, Rafa\u0142 Majecki, Tymoteusz Kowalczyk, Miko\u0142aj D\u0119bowski, Kacper \u0141\u0105czek, Adam Tomczyk, Szymon W\u00f3jcik, Micha\u0142 Prokop. <\/strong><strong>Opiekun <\/strong><strong>\u2013 p. Beata B\u0105k<\/strong><\/p>\n<p>Zdj\u0119cia <a href=\"https:\/\/www.facebook.com\/ZPSKluczewsko\/posts\/pfbid02q1oMsuDW4iPyAo37sfYULxogRrXwwMvZX9WCDZm2bx5kGwGRnuEEzNz1wDjtMmDAl\">TUTAJ:<\/a><\/p>\n","protected":false},"excerpt":{"rendered":"<p>14 grudnia w hali sportowej w Kluczewsku odby\u0142 si\u0119&nbsp;Fina\u0142 Wojew\u00f3dzki Festiwalu Mini-Pi\u0142ki Siatkowej Ch\u0142opc\u00f3w o Puchar Marsza\u0142ka Wojew\u00f3dztwa \u015awi\u0119tokrzyskiego. W zawodach zagra\u0142o 6 dru\u017cyn: SP Kluczewsko, SP Bodzentyn, SP Dobromierz, SP Dzieba\u0142t\u00f3w, SP nr 2 W\u0142oszczowa, SP Secemin, kt\u00f3re w wyniku losowania podzielono na 2 grupy: Grupa \u201eA\u201d (SP Dobromierz, [&hellip;]<\/p>\n","protected":false},"author":2,"featured_media":9353,"comment_status":"open","ping_status":"open","sticky":false,"template":"","format":"standard","meta":{"ngg_post_thumbnail":0,"footnotes":""},"categories":[324],"tags":[],"class_list":["post-9352","post","type-post","status-publish","format-standard","has-post-thumbnail","hentry","category-aktualnosci"],"_links":{"self":[{"href":"https:\/\/spkluczewsko.pl\/index.php?rest_route=\/wp\/v2\/posts\/9352","targetHints":{"allow":["GET"]}}],"collection":[{"href":"https:\/\/spkluczewsko.pl\/index.php?rest_route=\/wp\/v2\/posts"}],"about":[{"href":"https:\/\/spkluczewsko.pl\/index.php?rest_route=\/wp\/v2\/types\/post"}],"author":[{"embeddable":true,"href":"https:\/\/spkluczewsko.pl\/index.php?rest_route=\/wp\/v2\/users\/2"}],"replies":[{"embeddable":true,"href":"https:\/\/spkluczewsko.pl\/index.php?rest_route=%2Fwp%2Fv2%2Fcomments&post=9352"}],"version-history":[{"count":1,"href":"https:\/\/spkluczewsko.pl\/index.php?rest_route=\/wp\/v2\/posts\/9352\/revisions"}],"predecessor-version":[{"id":9354,"href":"https:\/\/spkluczewsko.pl\/index.php?rest_route=\/wp\/v2\/posts\/9352\/revisions\/9354"}],"wp:featuredmedia":[{"embeddable":true,"href":"https:\/\/spkluczewsko.pl\/index.php?rest_route=\/wp\/v2\/media\/9353"}],"wp:attachment":[{"href":"https:\/\/spkluczewsko.pl\/index.php?rest_route=%2Fwp%2Fv2%2Fmedia&parent=9352"}],"wp:term":[{"taxonomy":"category","embeddable":true,"href":"https:\/\/spkluczewsko.pl\/index.php?rest_route=%2Fwp%2Fv2%2Fcategories&post=9352"},{"taxonomy":"post_tag","embeddable":true,"href":"https:\/\/spkluczewsko.pl\/index.php?rest_route=%2Fwp%2Fv2%2Ftags&post=9352"}],"curies":[{"name":"wp","href":"https:\/\/api.w.org\/{rel}","templated":true}]}}