{"id":9365,"date":"2023-12-17T20:50:22","date_gmt":"2023-12-17T19:50:22","guid":{"rendered":"http:\/\/spkluczewsko.pl\/?p=9365"},"modified":"2023-12-17T20:50:22","modified_gmt":"2023-12-17T19:50:22","slug":"kibicujemy-skrze-belchatow-3","status":"publish","type":"post","link":"https:\/\/spkluczewsko.pl\/?p=9365","title":{"rendered":"Kibicujemy Skrze Be\u0142chat\u00f3w!"},"content":{"rendered":"<p style=\"text-align: justify;\">17 grudnia grupa uczni\u00f3w <strong>Szko\u0142y Podstawowej z Kluczewska<\/strong> oraz <strong>Uczniowskiego Klubu Sportowego Lolek Kluczewsko<\/strong> skorzysta\u0142a z zaproszenia Akademii PGE Skry i wybra\u0142a si\u0119 do Be\u0142chatowa na mecz Plus Ligi pomi\u0119dzy <strong>PGE GiEK Skra Be\u0142chat\u00f3w \u2013 Aluron CMC Warta Zawiercie.<\/strong><\/p>\n<p style=\"text-align: justify;\">Dzi\u0119ki wsp\u00f3\u0142pracy naszej szko\u0142y z Akademi\u0105 Siatk\u00f3wki Skry Be\u0142chat\u00f3w mogli\u015bmy podziwia\u0107 w akcji jednych z najlepszych siatkarzy na \u015awiecie, m.in. Reprezentant\u00f3w Polski \u2013 Grzegorza \u0141omacza, Mateusza Bie\u0144ka, Bartosza Kwolka, Mateusza Por\u0119b\u0119, Karola Butryna czy Dawida Konarskiego, Reprezentanta Francji \u2013 Trevora Clevenot\u2019a i wielu innych wspania\u0142ych Siatkarzy.<\/p>\n<p style=\"text-align: justify;\">Jak wiadomo na meczach siatk\u00f3wki w Polsce zawsze panuje wspania\u0142a i przyjazna atmosfera. Kluczewscy kibice \u015bwietnie si\u0119 bawili i dopingowali swoich idoli. Mecz zako\u0144czy\u0142 si\u0119 zwyci\u0119stwem go\u015bci 3: 0, ale mo\u017cliwo\u015b\u0107 obejrzenia i podgl\u0105dania gry wspania\u0142ych siatkarzy na pewno na d\u0142ugo zostanie w ich sercach.<\/p>\n<p style=\"text-align: justify;\">Wyjazd na mecz by\u0142 jedn\u0105 z dw\u00f3ch niespodzianek, jakie przygotowali\u015bmy dla naszych siatkarek na zako\u0144czenie bie\u017c\u0105cego roku. Ju\u017c od jutra zaczynamy Volley Granie z Miko\u0142ajem, kt\u00f3re zwie\u0144czymy w \u015brod\u0119 wsp\u00f3lnym wielkim treningiem wszystkich dziewczynek nale\u017c\u0105cych do UKS Lolek Kluczewsko od \u201eMalucha\u201d do \u201eM\u0142odziczki\u201d. B\u0119dzie si\u0119 dzia\u0142o!<\/p>\n<p style=\"text-align: justify;\">Dzi\u0119kujemy serdecznie Akademii PGE Skry Be\u0142chat\u00f3w za zaproszenie na mecz oraz Gminie Kluczewsko za sfinansowanie wyjazdu. Wsp\u00f3\u0142praca tych dw\u00f3ch instytucji od samego pocz\u0105tku uk\u0142ada si\u0119 wzorcowo i niech tak zostanie jak najd\u0142u\u017cej, dzi\u0119ki temu nasi m\u0142odzi sportowcy mog\u0105 rozwija\u0107 swoje pasje i jednocze\u015bnie poprzez swoje sukcesy promowa\u0107 nasz\u0105 Wspania\u0142\u0105 Gmin\u0119.<\/p>\n<p>Zdj\u0119cia <a href=\"https:\/\/www.facebook.com\/UKSLolekKluczewsko\/posts\/pfbid0ZGv5fCV4TBDyhaQi3CPEotW73vWNT1kWSmVrbkvpotHbX3y7ZxLKW7osnW535p22l\">TUTAJ:<\/a><\/p>\n","protected":false},"excerpt":{"rendered":"<p>17 grudnia grupa uczni\u00f3w Szko\u0142y Podstawowej z Kluczewska oraz Uczniowskiego Klubu Sportowego Lolek Kluczewsko skorzysta\u0142a z zaproszenia Akademii PGE Skry i wybra\u0142a si\u0119 do Be\u0142chatowa na mecz Plus Ligi pomi\u0119dzy PGE GiEK Skra Be\u0142chat\u00f3w \u2013 Aluron CMC Warta Zawiercie. Dzi\u0119ki wsp\u00f3\u0142pracy naszej szko\u0142y z Akademi\u0105 Siatk\u00f3wki Skry Be\u0142chat\u00f3w mogli\u015bmy podziwia\u0107 [&hellip;]<\/p>\n","protected":false},"author":2,"featured_media":9366,"comment_status":"open","ping_status":"open","sticky":false,"template":"","format":"standard","meta":{"ngg_post_thumbnail":0,"footnotes":""},"categories":[324],"tags":[],"class_list":["post-9365","post","type-post","status-publish","format-standard","has-post-thumbnail","hentry","category-aktualnosci"],"_links":{"self":[{"href":"https:\/\/spkluczewsko.pl\/index.php?rest_route=\/wp\/v2\/posts\/9365","targetHints":{"allow":["GET"]}}],"collection":[{"href":"https:\/\/spkluczewsko.pl\/index.php?rest_route=\/wp\/v2\/posts"}],"about":[{"href":"https:\/\/spkluczewsko.pl\/index.php?rest_route=\/wp\/v2\/types\/post"}],"author":[{"embeddable":true,"href":"https:\/\/spkluczewsko.pl\/index.php?rest_route=\/wp\/v2\/users\/2"}],"replies":[{"embeddable":true,"href":"https:\/\/spkluczewsko.pl\/index.php?rest_route=%2Fwp%2Fv2%2Fcomments&post=9365"}],"version-history":[{"count":1,"href":"https:\/\/spkluczewsko.pl\/index.php?rest_route=\/wp\/v2\/posts\/9365\/revisions"}],"predecessor-version":[{"id":9367,"href":"https:\/\/spkluczewsko.pl\/index.php?rest_route=\/wp\/v2\/posts\/9365\/revisions\/9367"}],"wp:featuredmedia":[{"embeddable":true,"href":"https:\/\/spkluczewsko.pl\/index.php?rest_route=\/wp\/v2\/media\/9366"}],"wp:attachment":[{"href":"https:\/\/spkluczewsko.pl\/index.php?rest_route=%2Fwp%2Fv2%2Fmedia&parent=9365"}],"wp:term":[{"taxonomy":"category","embeddable":true,"href":"https:\/\/spkluczewsko.pl\/index.php?rest_route=%2Fwp%2Fv2%2Fcategories&post=9365"},{"taxonomy":"post_tag","embeddable":true,"href":"https:\/\/spkluczewsko.pl\/index.php?rest_route=%2Fwp%2Fv2%2Ftags&post=9365"}],"curies":[{"name":"wp","href":"https:\/\/api.w.org\/{rel}","templated":true}]}}