{"id":9541,"date":"2024-03-04T22:09:09","date_gmt":"2024-03-04T21:09:09","guid":{"rendered":"http:\/\/spkluczewsko.pl\/?p=9541"},"modified":"2024-03-04T22:09:09","modified_gmt":"2024-03-04T21:09:09","slug":"udany-start-naszych-sportowcow-w-dobromierzu","status":"publish","type":"post","link":"https:\/\/spkluczewsko.pl\/?p=9541","title":{"rendered":"Udany start naszych sportowc\u00f3w w Dobromierzu"},"content":{"rendered":"<p style=\"text-align: justify;\">Dnia 3 marca 2024 roku prawie 40-osobowa grupa uczni\u00f3w naszej szko\u0142y wzi\u0119\u0142a udzia\u0142 w XII edycja Biegu Tropem Wilczym w Dobromierzu. Organizowana impreza od od lat cieszy si\u0119 du\u017c\u0105 popularno\u015bci\u0105 w\u015br\u00f3d mi\u0142o\u015bnik\u00f3w bieg\u00f3w terenowych. Nasi biegacze w zale\u017cno\u015bci od kategorii wiekowej rywalizowali na r\u00f3\u017cnych dystansach. Zwyci\u0119zcami w swoich kategoriach wiekowych zostali: Mateusz Wicik w biegu na 800m oraz Amelia Kowalczyk w biegu na 200m. Na podium stan\u0119\u0142a r\u00f3wnie\u017c Zuzanna Hyska zdobywaj\u0105c drugie miejsce w biegu na 800m w kategorii dziewcz\u0105t.<\/p>\n<p style=\"text-align: justify;\">Bieg Tropem Wilczym to nie tylko rywalizacja, ale okazja do integracji z r\u00f3wie\u015bnikami i spotkania z pasjonatami biegania terenowego oraz kszta\u0142towanie postaw patriotycznych. Udzia\u0142 w biegu zako\u0144czy\u0142 si\u0119 sukcesem, pozostawiaj\u0105c niezapomniane wspomnienia i motywuj\u0105c do kolejnych wyzwa\u0144.<\/p>\n<p>Zdj\u0119cia <a href=\"https:\/\/www.facebook.com\/ZPSKluczewsko\/posts\/pfbid0GX6htsz2NLw6XwW4UcDG2Tw46gnbRALk8k11nYbtmaGrAc6t5LBAoqzmQS3yYU4Ul\">TUTAJ:<\/a><\/p>\n","protected":false},"excerpt":{"rendered":"<p>Dnia 3 marca 2024 roku prawie 40-osobowa grupa uczni\u00f3w naszej szko\u0142y wzi\u0119\u0142a udzia\u0142 w XII edycja Biegu Tropem Wilczym w Dobromierzu. Organizowana impreza od od lat cieszy si\u0119 du\u017c\u0105 popularno\u015bci\u0105 w\u015br\u00f3d mi\u0142o\u015bnik\u00f3w bieg\u00f3w terenowych. Nasi biegacze w zale\u017cno\u015bci od kategorii wiekowej rywalizowali na r\u00f3\u017cnych dystansach. Zwyci\u0119zcami w swoich kategoriach wiekowych [&hellip;]<\/p>\n","protected":false},"author":2,"featured_media":9542,"comment_status":"open","ping_status":"open","sticky":false,"template":"","format":"standard","meta":{"ngg_post_thumbnail":0,"footnotes":""},"categories":[324],"tags":[],"class_list":["post-9541","post","type-post","status-publish","format-standard","has-post-thumbnail","hentry","category-aktualnosci"],"_links":{"self":[{"href":"https:\/\/spkluczewsko.pl\/index.php?rest_route=\/wp\/v2\/posts\/9541","targetHints":{"allow":["GET"]}}],"collection":[{"href":"https:\/\/spkluczewsko.pl\/index.php?rest_route=\/wp\/v2\/posts"}],"about":[{"href":"https:\/\/spkluczewsko.pl\/index.php?rest_route=\/wp\/v2\/types\/post"}],"author":[{"embeddable":true,"href":"https:\/\/spkluczewsko.pl\/index.php?rest_route=\/wp\/v2\/users\/2"}],"replies":[{"embeddable":true,"href":"https:\/\/spkluczewsko.pl\/index.php?rest_route=%2Fwp%2Fv2%2Fcomments&post=9541"}],"version-history":[{"count":1,"href":"https:\/\/spkluczewsko.pl\/index.php?rest_route=\/wp\/v2\/posts\/9541\/revisions"}],"predecessor-version":[{"id":9543,"href":"https:\/\/spkluczewsko.pl\/index.php?rest_route=\/wp\/v2\/posts\/9541\/revisions\/9543"}],"wp:featuredmedia":[{"embeddable":true,"href":"https:\/\/spkluczewsko.pl\/index.php?rest_route=\/wp\/v2\/media\/9542"}],"wp:attachment":[{"href":"https:\/\/spkluczewsko.pl\/index.php?rest_route=%2Fwp%2Fv2%2Fmedia&parent=9541"}],"wp:term":[{"taxonomy":"category","embeddable":true,"href":"https:\/\/spkluczewsko.pl\/index.php?rest_route=%2Fwp%2Fv2%2Fcategories&post=9541"},{"taxonomy":"post_tag","embeddable":true,"href":"https:\/\/spkluczewsko.pl\/index.php?rest_route=%2Fwp%2Fv2%2Ftags&post=9541"}],"curies":[{"name":"wp","href":"https:\/\/api.w.org\/{rel}","templated":true}]}}