{"id":9554,"date":"2024-03-08T13:23:15","date_gmt":"2024-03-08T12:23:15","guid":{"rendered":"http:\/\/spkluczewsko.pl\/?p=9554"},"modified":"2024-03-08T13:23:15","modified_gmt":"2024-03-08T12:23:15","slug":"poznajemy-parki-krajobrazowe-polski","status":"publish","type":"post","link":"https:\/\/spkluczewsko.pl\/?p=9554","title":{"rendered":"&#8222;Poznajemy Parki Krajobrazowe Polski&#8221;"},"content":{"rendered":"<div style=\"text-align: justify;\">5 marca w Przedborzu odby\u0142 si\u0119 III etap konkursu &#8222;Poznajemy Parki Krajobrazowe Polski&#8221;, kt\u00f3rego celem jest zar\u00f3wno zdobycie i pog\u0142\u0119bianie wiedzy na temat park\u00f3w krajobrazowych i innych zagadnie\u0144 z dziedziny ekologii i ochrony \u015brodowiska jak r\u00f3wnie\u017c kszta\u0142towanie \u015bwiadomo\u015bci oraz rozbudzanie zami\u0142owa\u0144 do \u015bwiata przyrody. Nasz\u0105 szko\u0142\u0119 w tym konkursie reprezentowa\u0142a dru\u017cyna w sk\u0142adzie: Ma\u0142gorzata Gacek, Lena Czarny Marsza\u0142ek i Wirginia Adamus. Dziewczyny bardzo dobrze poradzi\u0142y sobie z pytaniami konkursowymi i zdoby\u0142y II&nbsp; miejsce.&nbsp;&nbsp;<\/div>\n<div style=\"text-align: justify;\">&nbsp; &nbsp; &nbsp; &nbsp; &nbsp; &nbsp; &nbsp; &nbsp; &nbsp;&nbsp;<\/div>\n<div style=\"text-align: right;\">&nbsp; &nbsp; &nbsp; &nbsp; &nbsp; &nbsp; &nbsp; &nbsp; &nbsp; &nbsp; &nbsp; &nbsp; &nbsp; &nbsp; &nbsp; &nbsp; &nbsp; &nbsp; &nbsp; &nbsp; &nbsp; &nbsp; &nbsp; &nbsp; &nbsp; &nbsp; &nbsp; &nbsp; &nbsp; &nbsp; &nbsp; &nbsp; &nbsp; &nbsp; &nbsp; &nbsp; &nbsp; &nbsp; &nbsp; &nbsp; &nbsp; &nbsp; &nbsp; &nbsp; &nbsp; &nbsp; &nbsp; &nbsp; &nbsp; &nbsp; &nbsp; &nbsp; &nbsp; &nbsp; &nbsp; &nbsp; &nbsp; &nbsp; &nbsp; &nbsp; &nbsp; &nbsp; &nbsp; &nbsp; &nbsp; &nbsp; &nbsp; &nbsp; &nbsp; &nbsp; &nbsp; &nbsp; Ewa Glanda<\/div>\n<div>Zdj\u0119cia <a href=\"https:\/\/www.facebook.com\/ZPSKluczewsko\/posts\/pfbid029SuYMNrmLVtLsbddY4syMjxTueF3z9Xu5qr9K4Dsm3mLjmd25y7Cn7dmjbuvPoScl\">TUTAJ:<\/a><\/div>\n","protected":false},"excerpt":{"rendered":"<p>5 marca w Przedborzu odby\u0142 si\u0119 III etap konkursu &#8222;Poznajemy Parki Krajobrazowe Polski&#8221;, kt\u00f3rego celem jest zar\u00f3wno zdobycie i pog\u0142\u0119bianie wiedzy na temat park\u00f3w krajobrazowych i innych zagadnie\u0144 z dziedziny ekologii i ochrony \u015brodowiska jak r\u00f3wnie\u017c kszta\u0142towanie \u015bwiadomo\u015bci oraz rozbudzanie zami\u0142owa\u0144 do \u015bwiata przyrody. Nasz\u0105 szko\u0142\u0119 w tym konkursie reprezentowa\u0142a [&hellip;]<\/p>\n","protected":false},"author":2,"featured_media":9555,"comment_status":"open","ping_status":"open","sticky":false,"template":"","format":"standard","meta":{"ngg_post_thumbnail":0,"footnotes":""},"categories":[1],"tags":[],"class_list":["post-9554","post","type-post","status-publish","format-standard","has-post-thumbnail","hentry","category-bez-kategorii"],"_links":{"self":[{"href":"https:\/\/spkluczewsko.pl\/index.php?rest_route=\/wp\/v2\/posts\/9554","targetHints":{"allow":["GET"]}}],"collection":[{"href":"https:\/\/spkluczewsko.pl\/index.php?rest_route=\/wp\/v2\/posts"}],"about":[{"href":"https:\/\/spkluczewsko.pl\/index.php?rest_route=\/wp\/v2\/types\/post"}],"author":[{"embeddable":true,"href":"https:\/\/spkluczewsko.pl\/index.php?rest_route=\/wp\/v2\/users\/2"}],"replies":[{"embeddable":true,"href":"https:\/\/spkluczewsko.pl\/index.php?rest_route=%2Fwp%2Fv2%2Fcomments&post=9554"}],"version-history":[{"count":1,"href":"https:\/\/spkluczewsko.pl\/index.php?rest_route=\/wp\/v2\/posts\/9554\/revisions"}],"predecessor-version":[{"id":9556,"href":"https:\/\/spkluczewsko.pl\/index.php?rest_route=\/wp\/v2\/posts\/9554\/revisions\/9556"}],"wp:featuredmedia":[{"embeddable":true,"href":"https:\/\/spkluczewsko.pl\/index.php?rest_route=\/wp\/v2\/media\/9555"}],"wp:attachment":[{"href":"https:\/\/spkluczewsko.pl\/index.php?rest_route=%2Fwp%2Fv2%2Fmedia&parent=9554"}],"wp:term":[{"taxonomy":"category","embeddable":true,"href":"https:\/\/spkluczewsko.pl\/index.php?rest_route=%2Fwp%2Fv2%2Fcategories&post=9554"},{"taxonomy":"post_tag","embeddable":true,"href":"https:\/\/spkluczewsko.pl\/index.php?rest_route=%2Fwp%2Fv2%2Ftags&post=9554"}],"curies":[{"name":"wp","href":"https:\/\/api.w.org\/{rel}","templated":true}]}}