{"id":9571,"date":"2024-03-14T21:40:34","date_gmt":"2024-03-14T20:40:34","guid":{"rendered":"http:\/\/spkluczewsko.pl\/?p=9571"},"modified":"2024-03-14T21:40:34","modified_gmt":"2024-03-14T20:40:34","slug":"dzien-liczby-pi-swieto-matematyki-w-szkole","status":"publish","type":"post","link":"https:\/\/spkluczewsko.pl\/?p=9571","title":{"rendered":"Dzie\u0144 liczby Pi &#8211; \u015bwi\u0119to matematyki w szkole"},"content":{"rendered":"<p align=\"JUSTIFY\">14 marca liczba Pi obchodzi swoje \u015bwi\u0119to. Dat\u0119 wybrano nieprzypadkowo &#8211; w Stanach Zjednoczonych zapisuje si\u0119 j\u0105 jako&nbsp;<b>3.14<\/b>, co stanowi jej przybli\u017con\u0105 warto\u015b\u0107.&nbsp;<b>Liczba \u03c0&nbsp;<\/b>lub&nbsp;<b>ludolfina<\/b>, to sta\u0142a matematyczna, kt\u00f3ra okre\u015bla stosunek d\u0142ugo\u015bci obwodu ko\u0142a, do d\u0142ugo\u015bci jego \u015brednicy.<\/p>\n<p align=\"JUSTIFY\">Od wielu ju\u017c lat w naszej szkole obchodzony jest Dzie\u0144 Liczby \u03c0. Z tej okazji lekcje matematyki w klasach 4-7 by\u0142y po\u015bwi\u0119cone tej w\u0142a\u015bnie niezwyk\u0142ej liczbie. Uczniowie obejrzeli film o historii i zastosowaniu liczby \u03c0, a nast\u0119pnie rozwi\u0105zywali krzy\u017c\u00f3wki oraz tworzyli rebusy, kt\u00f3rych rozwi\u0105zaniem by\u0142a ta wyj\u0105tkowa liczba.<\/p>\n<p align=\"JUSTIFY\">\u015awi\u0119to Pi niew\u0105tpliwie mia\u0142o walory dydaktyczne, ale to tak\u017ce ciekawy spos\u00f3b uatrakcyjnienia naszego szkolnego \u017cycia.<\/p>\n<p style=\"text-align: right;\">Nauczyciele matematyki<\/p>\n<p>Zdj\u0119cia <a href=\"https:\/\/www.facebook.com\/ZPSKluczewsko\/posts\/pfbid0fqTFpaBYHQxbjptLjoQQBpJk8npbyy4R3DZGUmiSh58wjFAAG8E6GcW4uhN5V1xFl\">TUTAJ:<\/a><\/p>\n","protected":false},"excerpt":{"rendered":"<p>14 marca liczba Pi obchodzi swoje \u015bwi\u0119to. Dat\u0119 wybrano nieprzypadkowo &#8211; w Stanach Zjednoczonych zapisuje si\u0119 j\u0105 jako&nbsp;3.14, co stanowi jej przybli\u017con\u0105 warto\u015b\u0107.&nbsp;Liczba \u03c0&nbsp;lub&nbsp;ludolfina, to sta\u0142a matematyczna, kt\u00f3ra okre\u015bla stosunek d\u0142ugo\u015bci obwodu ko\u0142a, do d\u0142ugo\u015bci jego \u015brednicy. Od wielu ju\u017c lat w naszej szkole obchodzony jest Dzie\u0144 Liczby \u03c0. Z [&hellip;]<\/p>\n","protected":false},"author":2,"featured_media":9572,"comment_status":"open","ping_status":"open","sticky":false,"template":"","format":"standard","meta":{"ngg_post_thumbnail":0,"footnotes":""},"categories":[1],"tags":[],"class_list":["post-9571","post","type-post","status-publish","format-standard","has-post-thumbnail","hentry","category-bez-kategorii"],"_links":{"self":[{"href":"https:\/\/spkluczewsko.pl\/index.php?rest_route=\/wp\/v2\/posts\/9571","targetHints":{"allow":["GET"]}}],"collection":[{"href":"https:\/\/spkluczewsko.pl\/index.php?rest_route=\/wp\/v2\/posts"}],"about":[{"href":"https:\/\/spkluczewsko.pl\/index.php?rest_route=\/wp\/v2\/types\/post"}],"author":[{"embeddable":true,"href":"https:\/\/spkluczewsko.pl\/index.php?rest_route=\/wp\/v2\/users\/2"}],"replies":[{"embeddable":true,"href":"https:\/\/spkluczewsko.pl\/index.php?rest_route=%2Fwp%2Fv2%2Fcomments&post=9571"}],"version-history":[{"count":1,"href":"https:\/\/spkluczewsko.pl\/index.php?rest_route=\/wp\/v2\/posts\/9571\/revisions"}],"predecessor-version":[{"id":9573,"href":"https:\/\/spkluczewsko.pl\/index.php?rest_route=\/wp\/v2\/posts\/9571\/revisions\/9573"}],"wp:featuredmedia":[{"embeddable":true,"href":"https:\/\/spkluczewsko.pl\/index.php?rest_route=\/wp\/v2\/media\/9572"}],"wp:attachment":[{"href":"https:\/\/spkluczewsko.pl\/index.php?rest_route=%2Fwp%2Fv2%2Fmedia&parent=9571"}],"wp:term":[{"taxonomy":"category","embeddable":true,"href":"https:\/\/spkluczewsko.pl\/index.php?rest_route=%2Fwp%2Fv2%2Fcategories&post=9571"},{"taxonomy":"post_tag","embeddable":true,"href":"https:\/\/spkluczewsko.pl\/index.php?rest_route=%2Fwp%2Fv2%2Ftags&post=9571"}],"curies":[{"name":"wp","href":"https:\/\/api.w.org\/{rel}","templated":true}]}}