{"id":9686,"date":"2024-04-20T20:36:21","date_gmt":"2024-04-20T18:36:21","guid":{"rendered":"http:\/\/spkluczewsko.pl\/?p=9686"},"modified":"2024-04-20T20:36:21","modified_gmt":"2024-04-20T18:36:21","slug":"minisiatkarze-sp-kluczewsko-zagrali-w-finale-wojewodzkim-kindera","status":"publish","type":"post","link":"https:\/\/spkluczewsko.pl\/?p=9686","title":{"rendered":"Minisiatkarze SP Kluczewsko zagrali w Finale Wojew\u00f3dzkim Kindera"},"content":{"rendered":"<p style=\"text-align: justify;\">W dniu 20 kwietnia 2024 roku w Skar\u017cysku Kamiennej odby\u0142 si\u0119 <strong>Fina\u0142 Wojew\u00f3dzki Og\u00f3lnopolskich Mistrzostw w Minisiatk\u00f3wce im. Marka Kisiela o Puchar Kinder Joy Of Moving 2024<\/strong>. Nasi siatkarze &nbsp;rywalizowali w kategorii \u201etr\u00f3jek\u201d (rocznik 2012) i \u201eczw\u00f3rek\u201d (rocznik 2011) i zaj\u0119li VIII miejsce. Udzia\u0142 w dzisiejszym finale, pomimo stara\u0144 nie by\u0142 dla nas pomy\u015blny ale zdobyte do\u015bwiadczenie mo\u017ce by\u0107 cenn\u0105 lekcj\u0105 motywuj\u0105c\u0105 do dalszej pracy i doskonalenia umiej\u0119tno\u015bci.<\/p>\n<p style=\"text-align: justify;\">W Finale Wojew\u00f3dzkim zagrali: Tr\u00f3jki \u2013 <strong>Kacper \u0141\u0105czek, Adam Tomczyk, Micha\u0142 Prokop, Szymon W\u00f3jcik;<\/strong> \u201eCzw\u00f3rki\u201d \u2013 <strong>Mateusz Wicik, Mi\u0142osz W\u0105sowicz, Miko\u0142aj D\u0119bowski, Rafa\u0142 Majecki, Tymoteusz Kowalczyk.<\/strong> Opiekun zespo\u0142\u00f3w \u2013 <strong>p. Beata B\u0105k<\/strong><\/p>\n<p>Zdj\u0119cia <a href=\"https:\/\/www.facebook.com\/ZPSKluczewsko\/posts\/pfbid02GCn36WojE3kvYwYfGXh7FfB8e7rV13UV54st7intfCc6B5mfetLc6xvhgtBMc3DJl\">TUTAJ:<\/a><\/p>\n","protected":false},"excerpt":{"rendered":"<p>W dniu 20 kwietnia 2024 roku w Skar\u017cysku Kamiennej odby\u0142 si\u0119 Fina\u0142 Wojew\u00f3dzki Og\u00f3lnopolskich Mistrzostw w Minisiatk\u00f3wce im. Marka Kisiela o Puchar Kinder Joy Of Moving 2024. Nasi siatkarze &nbsp;rywalizowali w kategorii \u201etr\u00f3jek\u201d (rocznik 2012) i \u201eczw\u00f3rek\u201d (rocznik 2011) i zaj\u0119li VIII miejsce. Udzia\u0142 w dzisiejszym finale, pomimo stara\u0144 nie [&hellip;]<\/p>\n","protected":false},"author":2,"featured_media":9687,"comment_status":"open","ping_status":"open","sticky":false,"template":"","format":"standard","meta":{"ngg_post_thumbnail":0,"footnotes":""},"categories":[324],"tags":[],"class_list":["post-9686","post","type-post","status-publish","format-standard","has-post-thumbnail","hentry","category-aktualnosci"],"_links":{"self":[{"href":"https:\/\/spkluczewsko.pl\/index.php?rest_route=\/wp\/v2\/posts\/9686","targetHints":{"allow":["GET"]}}],"collection":[{"href":"https:\/\/spkluczewsko.pl\/index.php?rest_route=\/wp\/v2\/posts"}],"about":[{"href":"https:\/\/spkluczewsko.pl\/index.php?rest_route=\/wp\/v2\/types\/post"}],"author":[{"embeddable":true,"href":"https:\/\/spkluczewsko.pl\/index.php?rest_route=\/wp\/v2\/users\/2"}],"replies":[{"embeddable":true,"href":"https:\/\/spkluczewsko.pl\/index.php?rest_route=%2Fwp%2Fv2%2Fcomments&post=9686"}],"version-history":[{"count":1,"href":"https:\/\/spkluczewsko.pl\/index.php?rest_route=\/wp\/v2\/posts\/9686\/revisions"}],"predecessor-version":[{"id":9688,"href":"https:\/\/spkluczewsko.pl\/index.php?rest_route=\/wp\/v2\/posts\/9686\/revisions\/9688"}],"wp:featuredmedia":[{"embeddable":true,"href":"https:\/\/spkluczewsko.pl\/index.php?rest_route=\/wp\/v2\/media\/9687"}],"wp:attachment":[{"href":"https:\/\/spkluczewsko.pl\/index.php?rest_route=%2Fwp%2Fv2%2Fmedia&parent=9686"}],"wp:term":[{"taxonomy":"category","embeddable":true,"href":"https:\/\/spkluczewsko.pl\/index.php?rest_route=%2Fwp%2Fv2%2Fcategories&post=9686"},{"taxonomy":"post_tag","embeddable":true,"href":"https:\/\/spkluczewsko.pl\/index.php?rest_route=%2Fwp%2Fv2%2Ftags&post=9686"}],"curies":[{"name":"wp","href":"https:\/\/api.w.org\/{rel}","templated":true}]}}