{"id":9855,"date":"2024-06-01T17:51:40","date_gmt":"2024-06-01T15:51:40","guid":{"rendered":"http:\/\/spkluczewsko.pl\/?p=9855"},"modified":"2024-06-01T17:52:29","modified_gmt":"2024-06-01T15:52:29","slug":"dzien-dziecka-po-siatkarsku","status":"publish","type":"post","link":"https:\/\/spkluczewsko.pl\/?p=9855","title":{"rendered":"Dzie\u0144 Dziecka po Siatkarsku"},"content":{"rendered":"<p style=\"text-align: justify;\">W dniu dzisiejszym (1.06.) Minisiatkarki <strong>Lolka Kluczewsko<\/strong> uda\u0142y si\u0119 na <strong>Turniej Minisiatk\u00f3wki Dziewcz\u0105t z okazji Dnia Dziecka<\/strong>, kt\u00f3ry rozgrywany by\u0142 w kategorii \u201eSingle\u201d i \u201eDw\u00f3jki\u201d. Nasze dziewczynki mimo, \u017ce nie gra\u0142y w optymalnym zestawieniu to pokaza\u0142y klas\u0119 i w obu kategoriach stan\u0119\u0142y na podium. W \u201eSingielkach\u201d by\u0142a to <strong>Natalia Karolczyk<\/strong>, kt\u00f3ra zaj\u0119\u0142a II miejsce przegrywaj\u0105c w turnieju tylko jeden mecz 10:11 ze zwyci\u0119\u017cczyni\u0105 turnieju. Jeden mecz przegra\u0142a tak\u017ce <strong>Julia Ludynia<\/strong> (II klasa), ale by\u0142 on w pierwszej fazie zawod\u00f3w co spowodowa\u0142o, \u017ce Julka musia\u0142a gra\u0107 o miejsca 9-16. W tej fazie odnios\u0142a komplet zwyci\u0119stw i pewnie zaj\u0119\u0142a 9 miejsce. W takim samym po\u0142o\u017ceniu by\u0142a tak\u017ce <strong>Antonina D\u0119bowska<\/strong> (II klasa), kt\u00f3ra dozna\u0142a pora\u017cki z ch\u0142opcem z Volley Stars Ostrowiec \u015aw. (w sumie w turnieju gra\u0142o tak\u017ce 3 ch\u0142opc\u00f3w). Ostateczny bilans Tosi to 6 zwyci\u0119stw i 3 pora\u017cki co da\u0142o jej ostatecznie 13 miejsce. Na pochwa\u0142\u0119 zas\u0142uguje dzisiaj nasza 4 zawodniczka w \u201eSinglach\u201d \u2013 <strong>Amelia Kowalczyk<\/strong> (II klasa) dla kt\u00f3rej by\u0142 to absolutny debiut w jakichkolwiek rozgrywkach. Amelka zdoby\u0142a swoje pierwsze oficjalne ma\u0142e punkty i pokaza\u0142a, \u017ce \u201edrzemie\u201d w niej potencja\u0142 na dobre granie w przysz\u0142o\u015bci. Pierwszy \u201echrzest bojowy\u201d ma za sob\u0105, teraz tylko ci\u0119\u017cka praca na treningach i powinno by\u0107 dobrze. Amelka zosta\u0142a sklasyfikowana na miejscach 19-35. W zawodach \u201eSingli\u201d wystartowa\u0142o 35 siatkarek i siatkarzy z nast\u0119puj\u0105cych klub\u00f3w: MKS Gala Skar\u017cysko Kamienna, Volley Stars Ostrowiec \u015aw., UKS Volley I\u0142\u017ca, TPS Lublin, SP 44 Lublin, SP 25 Kielce i UKS Lolek Kluczewsko.<\/p>\n<p style=\"text-align: justify;\">W kategorii \u201eDw\u00f3jki\u201d \u015bwietny turniej rozegra\u0142a nasza para w sk\u0142adzie <strong>Nela Owsikowska i Maja \u0141awi\u0144ska<\/strong>, kt\u00f3re przez turniej sz\u0142y jak \u201eburza\u201d i dopiero \u201egoryczy\u201d pora\u017cki dozna\u0142y w ostatnim meczu z <strong>TPS Lublin<\/strong>. Mecz ten dziewczynki gra\u0142y zaraz po bardzo ci\u0119\u017ckim wygranym boju z dru\u017cyn\u0105 z I\u0142\u017cy, kt\u00f3ra dysponowa\u0142a bardzo wysokim sk\u0142adem i gra\u0142a bardzo dobrze. W meczu z Lublinem zm\u0119czenie da\u0142o o sobie zna\u0107 i mimo ambitnej walki nie uda\u0142o si\u0119 wygra\u0107.<\/p>\n<p style=\"text-align: justify;\"><strong>II miejsce<\/strong> jest bardzo dobrym wynikiem. Mimo, \u017ce nasze dziewczynki nie dysponuj\u0105 mo\u017ce zbytnio warunkami fizycznymi to swoim sprytem i ambicj\u0105 pokazuj\u0105, \u017ce mo\u017cna walczy\u0107 w ka\u017cdym meczu o zwyci\u0119stwo.<\/p>\n<p style=\"text-align: justify;\">P.S. Dziewczynki obieca\u0142y, \u017ce przez wakacje urosn\u0105 po 20 cm. Trzymamy je za s\u0142owo.<\/p>\n<p style=\"text-align: justify;\">W zawodach \u201eDw\u00f3jek\u201d zagra\u0142o 18 zespo\u0142\u00f3w z nast\u0119puj\u0105cych klub\u00f3w: MKS Gala Skar\u017cysko Kamienna, Volley Stars Ostrowiec \u015aw., UKS Volley I\u0142\u017ca, TPS Lublin, SP 44 Lublin, SP 25 Kielce i UKS Lolek Kluczewsko.<\/p>\n<p style=\"text-align: justify;\">UKS LOLEK Kluczewsko w Skar\u017cysku Kam. reprezentowa\u0142y: \u201eSingle\u201d \u2013 <strong>Natalia Karolczyk, Julia Ludynia, Antonina D\u0119bowska, Amelia Kowalczyk; <\/strong>\u201eDw\u00f3jki\u201d \u2013 <strong>Nela Owsikowska, Maja \u0141awi\u0144ska.<\/strong> Trener \u2013 <strong>p. Tomasz D\u0119bowski<\/strong><\/p>\n<p style=\"text-align: justify;\">Dzi\u0119kujemy serdecznie klubowi MKS Gala Skar\u017cysko Kamienna za zaproszenie na turniej. By\u0142o to \u015bwietne przetarcie przed Mistrzostwami Polski, na kt\u00f3re wyje\u017cd\u017camy pod koniec czerwca do Katowic.<\/p>\n<p style=\"text-align: justify;\">UKS LOLEK Kluczewsko w turniejach siatk\u00f3wki mo\u017ce uczestniczy\u0107 dzi\u0119ki wsparciu Gminy Kluczewsko. Serdecznie Dzi\u0119kujemy.<\/p>\n<p>Zdj\u0119cia <a href=\"https:\/\/www.facebook.com\/UKSLolekKluczewsko\/posts\/pfbid02VRM3vyUNdQNWEySRyjh9EbyKxv1SKuS6b9ahuv1RL7DvU29SXQwhLmschGS6nmxul\">TUTAJ:<\/a><\/p>\n","protected":false},"excerpt":{"rendered":"<p>W dniu dzisiejszym (1.06.) Minisiatkarki Lolka Kluczewsko uda\u0142y si\u0119 na Turniej Minisiatk\u00f3wki Dziewcz\u0105t z okazji Dnia Dziecka, kt\u00f3ry rozgrywany by\u0142 w kategorii \u201eSingle\u201d i \u201eDw\u00f3jki\u201d. Nasze dziewczynki mimo, \u017ce nie gra\u0142y w optymalnym zestawieniu to pokaza\u0142y klas\u0119 i w obu kategoriach stan\u0119\u0142y na podium. W \u201eSingielkach\u201d by\u0142a to Natalia Karolczyk, [&hellip;]<\/p>\n","protected":false},"author":2,"featured_media":9858,"comment_status":"open","ping_status":"open","sticky":false,"template":"","format":"standard","meta":{"ngg_post_thumbnail":0,"footnotes":""},"categories":[324],"tags":[],"class_list":["post-9855","post","type-post","status-publish","format-standard","has-post-thumbnail","hentry","category-aktualnosci"],"_links":{"self":[{"href":"https:\/\/spkluczewsko.pl\/index.php?rest_route=\/wp\/v2\/posts\/9855","targetHints":{"allow":["GET"]}}],"collection":[{"href":"https:\/\/spkluczewsko.pl\/index.php?rest_route=\/wp\/v2\/posts"}],"about":[{"href":"https:\/\/spkluczewsko.pl\/index.php?rest_route=\/wp\/v2\/types\/post"}],"author":[{"embeddable":true,"href":"https:\/\/spkluczewsko.pl\/index.php?rest_route=\/wp\/v2\/users\/2"}],"replies":[{"embeddable":true,"href":"https:\/\/spkluczewsko.pl\/index.php?rest_route=%2Fwp%2Fv2%2Fcomments&post=9855"}],"version-history":[{"count":1,"href":"https:\/\/spkluczewsko.pl\/index.php?rest_route=\/wp\/v2\/posts\/9855\/revisions"}],"predecessor-version":[{"id":9857,"href":"https:\/\/spkluczewsko.pl\/index.php?rest_route=\/wp\/v2\/posts\/9855\/revisions\/9857"}],"wp:featuredmedia":[{"embeddable":true,"href":"https:\/\/spkluczewsko.pl\/index.php?rest_route=\/wp\/v2\/media\/9858"}],"wp:attachment":[{"href":"https:\/\/spkluczewsko.pl\/index.php?rest_route=%2Fwp%2Fv2%2Fmedia&parent=9855"}],"wp:term":[{"taxonomy":"category","embeddable":true,"href":"https:\/\/spkluczewsko.pl\/index.php?rest_route=%2Fwp%2Fv2%2Fcategories&post=9855"},{"taxonomy":"post_tag","embeddable":true,"href":"https:\/\/spkluczewsko.pl\/index.php?rest_route=%2Fwp%2Fv2%2Ftags&post=9855"}],"curies":[{"name":"wp","href":"https:\/\/api.w.org\/{rel}","templated":true}]}}